{"id":98827,"date":"2023-12-04T12:59:07","date_gmt":"2023-12-04T12:59:07","guid":{"rendered":"https:\/\/www.christeyns.com\/?p=98827"},"modified":"2023-12-04T14:55:50","modified_gmt":"2023-12-04T14:55:50","slug":"a-christeyns-esta-na-linha-da-frente-com-os-profissionais-de-saude","status":"publish","type":"post","link":"https:\/\/www.christeyns.com\/pt-pt\/a-christeyns-esta-na-linha-da-frente-com-os-profissionais-de-saude\/","title":{"rendered":"A Christeyns est\u00e1 na linha da frente com os profissionais de sa\u00fade"},"content":{"rendered":"<p><span data-contrast=\"auto\">\u201cA lix\u00edvia \u00e9 t\u00e3o eficaz como a \u00e1gua na elimina\u00e7\u00e3o de super-bact\u00e9ria hospitalar.\u201d e \u201cLix\u00edvia j\u00e1 n\u00e3o mata bact\u00e9ria hospitalar resistente a antibi\u00f3ticos\u201d, dois t\u00edtulos de not\u00edcias que marcaram a semana passada, do Publico e da Vis\u00e3o, respetivamente.\u00a0<\/span><span data-ccp-props=\"{&quot;201341983&quot;:0,&quot;335551550&quot;:6,&quot;335551620&quot;:6,&quot;335559731&quot;:708,&quot;335559739&quot;:160,&quot;335559740&quot;:259}\">\u00a0<\/span><\/p>\n<p><span data-contrast=\"auto\">Uma inadequada desinfe\u00e7\u00e3o dos ambientes hospitalares cria as condi\u00e7\u00f5es que favorecem o desenvolvimento e a prolifera\u00e7\u00e3o de bact\u00e9rias. Os doentes mais fragilizados s\u00e3o as primeiras v\u00edtimas desta situa\u00e7\u00e3o pois, ao desenvolverem infe\u00e7\u00f5es oportunistas, n\u00e3o s\u00f3 veem a sua condi\u00e7\u00e3o de sa\u00fade agravar-se, como tamb\u00e9m contribuem para um fen\u00f3meno mais grave: a resist\u00eancia aos antibi\u00f3ticos. Entre estes doentes contam-se as pessoas hospitalizadas, as que t\u00eam mais de 65 anos, aquelas que t\u00eam um sistema imunol\u00f3gico comprometido ou ainda as que tenham tido epis\u00f3dios repetidos de infe\u00e7\u00e3o e, por isso, estejam a tomar antibi\u00f3ticos.<\/span><\/p>\n<p><span data-contrast=\"auto\">O Jornal The Guardian tamb\u00e9m publicou recentemente uma not\u00edcia sobre este tema. Nesta publica\u00e7\u00e3o a desinfe\u00e7\u00e3o de espa\u00e7os hospitalares \u00e9 mesmo classificada como um problema de sa\u00fade publica que deve ser tido em conta. (The Guardian). <\/span><\/p>\n<p><span data-contrast=\"auto\">O artigo do The Guardian surge na sequ\u00eancia da publica\u00e7\u00e3o de um estudo que vem demonstrar que, quando expostos a 3 concentra\u00e7\u00f5es diferentes de hipoclorito de s\u00f3dio (lix\u00edvia), os esporos de tr\u00eas estirpes de <\/span><i><span data-contrast=\"auto\">Clostridium difficile<\/span><\/i><span data-contrast=\"auto\"> (<\/span><i><span data-contrast=\"auto\">C. diff<\/span><\/i><span data-contrast=\"auto\">) n\u00e3o s\u00f3 sobreviveram como n\u00e3o apresentavam danos vis\u00edveis. A investigadora respons\u00e1vel por este estudo, Tina Joshi, afirma, sem reservas, que o cloro n\u00e3o \u00e9 o biocida correto, sendo necess\u00e1ria a utiliza\u00e7\u00e3o de novos desinfetantes e a ado\u00e7\u00e3o de novos protocolos de higiene mais adaptados aos ambientes microbianos que se desenvolvem nos espa\u00e7os hospitalares atuais. <\/span><span data-ccp-props=\"{&quot;201341983&quot;:0,&quot;335551550&quot;:6,&quot;335551620&quot;:6,&quot;335559731&quot;:708,&quot;335559739&quot;:160,&quot;335559740&quot;:259}\">\u00a0<\/span><\/p>\n<p><span data-contrast=\"auto\">Os investigadores identificaram ainda a perman\u00eancia de esporos de <i>C. diff<\/i> em batas cir\u00fargicas multiusos e nas batas novas dos doentes. &#8220;\u00c9 muito claro que os esporos est\u00e3o a aderir \u00e0s fibras&#8221;, disse Joshi, pelo que estes artigos devem tamb\u00e9m ser considerados reservat\u00f3rios favor\u00e1veis \u00e0 transmiss\u00e3o. <\/span><span data-ccp-props=\"{&quot;201341983&quot;:0,&quot;335551550&quot;:6,&quot;335551620&quot;:6,&quot;335559731&quot;:708,&quot;335559739&quot;:160,&quot;335559740&quot;:259}\">\u00a0<\/span><\/p>\n<p><span data-contrast=\"auto\">O \u00e1cido parac\u00e9tico surge como uma alternativa altamente eficaz na desinfe\u00e7\u00e3o de espa\u00e7os de sa\u00fade por ter uma atividade de largo espectro que inclui a\u00e7\u00e3o bactericida, micobactericida, esporicida, fungicida e virucida.<\/span><span data-ccp-props=\"{&quot;201341983&quot;:0,&quot;335551550&quot;:6,&quot;335551620&quot;:6,&quot;335559731&quot;:708,&quot;335559739&quot;:160,&quot;335559740&quot;:259}\">\u00a0<\/span><\/p>\n<p><img loading=\"lazy\" decoding=\"async\" class=\"wp-image-98858 aligncenter\" src=\"https:\/\/www.christeyns.com\/wp-content\/uploads\/2023\/12\/MicrosoftTeams-image-21-300x89.png\" alt=\"\" width=\"731\" height=\"217\" srcset=\"https:\/\/www.christeyns.com\/wp-content\/uploads\/2023\/12\/MicrosoftTeams-image-21-300x89.png 300w, https:\/\/www.christeyns.com\/wp-content\/uploads\/2023\/12\/MicrosoftTeams-image-21-1024x304.png 1024w, https:\/\/www.christeyns.com\/wp-content\/uploads\/2023\/12\/MicrosoftTeams-image-21-768x228.png 768w, https:\/\/www.christeyns.com\/wp-content\/uploads\/2023\/12\/MicrosoftTeams-image-21-1536x456.png 1536w, https:\/\/www.christeyns.com\/wp-content\/uploads\/2023\/12\/MicrosoftTeams-image-21-540x160.png 540w, https:\/\/www.christeyns.com\/wp-content\/uploads\/2023\/12\/MicrosoftTeams-image-21-960x285.png 960w, https:\/\/www.christeyns.com\/wp-content\/uploads\/2023\/12\/MicrosoftTeams-image-21-1170x347.png 1170w, https:\/\/www.christeyns.com\/wp-content\/uploads\/2023\/12\/MicrosoftTeams-image-21.png 1686w\" sizes=\"(max-width: 731px) 100vw, 731px\" \/><\/p>\n<p>&nbsp;<\/p>\n<p><span data-contrast=\"auto\">A Christeyns, tem uma gama de produtos que oferece seguran\u00e7a e protege os pacientes e os profissionais de sa\u00fade dos riscos de contamina\u00e7\u00e3o por estes pat\u00f3genos. A nossa gama de produtos Phagogene foi especialmente criada para a higiene dos espa\u00e7os mais exigentes, tais como os hospitais. Um dos produtos que comp\u00f5e esta gama \u00e9 o Phagospore, um detergente desinfetante para todos os tipos de superf\u00edcies. Este \u00e9 um produto pronto a usar, com um amplo espectro, que confere efic\u00e1cia e seguran\u00e7a no combate \u00e0 prolifera\u00e7\u00e3o das bact\u00e9rias que se desenvolvem nos espa\u00e7os de sa\u00fade.<\/span><span data-ccp-props=\"{&quot;201341983&quot;:0,&quot;335551550&quot;:6,&quot;335551620&quot;:6,&quot;335559731&quot;:708,&quot;335559739&quot;:160,&quot;335559740&quot;:259}\">\u00a0<\/span><\/p>\n<p><span data-contrast=\"auto\">Para o tratamento de pe\u00e7as de tecido utilizadas em meio hospitalar, a Christeyns tamb\u00e9m disponibiliza solu\u00e7\u00f5es de lavagem, \u00e9 o caso do Peracid Asepsis, cujas propriedades biocidas antibacterianas, antif\u00fangicas, antivirais e antiesporicida fazem dele um aliado na batalha contra a infe\u00e7\u00e3o.<\/span><\/p>\n<p>Para saber mais fale com um dos nossos especialistas. <a href=\"https:\/\/www.christeyns.com\/pt-pt\/contactos\/\">Contacte-nos!<\/a><\/p>\n<p><span data-ccp-props=\"{&quot;201341983&quot;:0,&quot;335559739&quot;:160,&quot;335559740&quot;:259}\">\u00a0<\/span><\/p>\n<p><span data-contrast=\"auto\">Refer\u00eancias:<\/span><span data-ccp-props=\"{&quot;201341983&quot;:0,&quot;335559739&quot;:160,&quot;335559740&quot;:259}\">\u00a0<\/span><\/p>\n<p><a href=\"https:\/\/www.theguardian.com\/science\/2023\/nov\/22\/bleach-does-not-tackle-fatal-hospital-superbug-uk-researchers-find\"><span data-contrast=\"none\">https:\/\/www.theguardian.com\/science\/2023\/nov\/22\/bleach-does-not-tackle-fatal-hospital-superbug-uk-researchers-find<\/span><\/a><span data-ccp-props=\"{&quot;201341983&quot;:0,&quot;335559739&quot;:160,&quot;335559740&quot;:259}\">\u00a0<\/span><\/p>\n<p><a href=\"https:\/\/visao.pt\/visaosaude\/2023-11-22-a-lixivia-e-tao-eficaz-como-a-agua-na-eliminacao-de-superbacteria-hospitalar\/\"><span data-contrast=\"none\">https:\/\/visao.pt\/visaosaude\/2023-11-22-a-lixivia-e-tao-eficaz-como-a-agua-na-eliminacao-de-superbacteria-hospitalar\/<\/span><\/a><span data-contrast=\"auto\">\u00a0<\/span><span data-ccp-props=\"{&quot;201341983&quot;:0,&quot;335559739&quot;:160,&quot;335559740&quot;:259}\">\u00a0<\/span><\/p>\n<p><a href=\"https:\/\/www.publico.pt\/2023\/11\/27\/ciencia\/noticia\/lixivia-ja-nao-mata-bacteria-hospitalar-resistente-antibioticos-2071638\"><span data-contrast=\"none\">https:\/\/www.publico.pt\/2023\/11\/27\/ciencia\/noticia\/lixivia-ja-nao-mata-bacteria-hospitalar-resistente-antibioticos-2071638<\/span><\/a><span data-contrast=\"auto\">\u00a0<\/span><span data-ccp-props=\"{&quot;201341983&quot;:0,&quot;335559739&quot;:160,&quot;335559740&quot;:259}\">\u00a0<\/span><\/p>\n","protected":false},"excerpt":{"rendered":"<p>\u201cA lix\u00edvia \u00e9 t\u00e3o eficaz como a \u00e1gua na elimina\u00e7\u00e3o de super-bact\u00e9ria hospitalar.\u201d e \u201cLix\u00edvia j\u00e1 n\u00e3o mata bact\u00e9ria hospitalar resistente a antibi\u00f3ticos\u201d, dois t\u00edtulos de not\u00edcias que marcaram a semana passada, do Publico e da Vis\u00e3o, respetivamente.\u00a0\u00a0 Uma inadequada desinfe\u00e7\u00e3o dos ambientes hospitalares cria as condi\u00e7\u00f5es que favorecem o desenvolvimento e a prolifera\u00e7\u00e3o de [&hellip;]<\/p>\n","protected":false},"author":37,"featured_media":98844,"comment_status":"closed","ping_status":"closed","sticky":false,"template":"","format":"standard","meta":{"_acf_changed":false,"content-type":"","footnotes":""},"categories":[719,2269],"tags":[],"class_list":["post-98827","post","type-post","status-publish","format-standard","hentry","category-industrias","category-medical-care"],"acf":[],"yoast_head":"<!-- This site is optimized with the Yoast SEO plugin v26.9 - https:\/\/yoast.com\/product\/yoast-seo-wordpress\/ -->\n<title>A Christeyns est\u00e1 na linha da frente com os profissionais de sa\u00fade | Christeyns<\/title>\n<meta name=\"description\" content=\"A Christeyns e o desafio da limpeza e desinfe\u00e7\u00e3o de espa\u00e7os de sa\u00fade e a preven\u00e7\u00e3o da infe\u00e7\u00e3o hospitalar\" \/>\n<meta name=\"robots\" content=\"index, follow, max-snippet:-1, max-image-preview:large, max-video-preview:-1\" \/>\n<link rel=\"canonical\" href=\"https:\/\/www.christeyns.com\/pt-pt\/a-christeyns-esta-na-linha-da-frente-com-os-profissionais-de-saude\/\" \/>\n<meta property=\"og:locale\" content=\"pt_PT\" \/>\n<meta property=\"og:type\" content=\"article\" \/>\n<meta property=\"og:title\" content=\"A Christeyns est\u00e1 na linha da frente com os profissionais de sa\u00fade | Christeyns\" \/>\n<meta property=\"og:description\" content=\"A Christeyns e o desafio da limpeza e desinfe\u00e7\u00e3o de espa\u00e7os de sa\u00fade e a preven\u00e7\u00e3o da infe\u00e7\u00e3o hospitalar\" \/>\n<meta property=\"og:url\" content=\"https:\/\/www.christeyns.com\/pt-pt\/a-christeyns-esta-na-linha-da-frente-com-os-profissionais-de-saude\/\" \/>\n<meta property=\"og:site_name\" content=\"Christeyns\" \/>\n<meta property=\"article:published_time\" content=\"2023-12-04T12:59:07+00:00\" \/>\n<meta property=\"article:modified_time\" content=\"2023-12-04T14:55:50+00:00\" \/>\n<meta property=\"og:image\" content=\"https:\/\/www.christeyns.com\/wp-content\/uploads\/2023\/12\/Design-sem-nome.jpg\" \/>\n\t<meta property=\"og:image:width\" content=\"1920\" \/>\n\t<meta property=\"og:image:height\" content=\"1080\" \/>\n\t<meta property=\"og:image:type\" content=\"image\/jpeg\" \/>\n<meta name=\"author\" content=\"Carolina Esteves\" \/>\n<meta name=\"twitter:card\" content=\"summary_large_image\" \/>\n<meta name=\"twitter:label1\" content=\"Escrito por\" \/>\n\t<meta name=\"twitter:data1\" content=\"Carolina Esteves\" \/>\n\t<meta name=\"twitter:label2\" content=\"Tempo estimado de leitura\" \/>\n\t<meta name=\"twitter:data2\" content=\"3 minutos\" \/>\n<script type=\"application\/ld+json\" class=\"yoast-schema-graph\">{\"@context\":\"https:\/\/schema.org\",\"@graph\":[{\"@type\":\"Article\",\"@id\":\"https:\/\/www.christeyns.com\/pt-pt\/a-christeyns-esta-na-linha-da-frente-com-os-profissionais-de-saude\/#article\",\"isPartOf\":{\"@id\":\"https:\/\/www.christeyns.com\/pt-pt\/a-christeyns-esta-na-linha-da-frente-com-os-profissionais-de-saude\/\"},\"author\":{\"name\":\"Carolina Esteves\",\"@id\":\"https:\/\/www.christeyns.com\/pt-pt\/#\/schema\/person\/44e12d4ee09a97d1ee0378a7e132f0d4\"},\"headline\":\"A Christeyns est\u00e1 na linha da frente com os profissionais de sa\u00fade\",\"datePublished\":\"2023-12-04T12:59:07+00:00\",\"dateModified\":\"2023-12-04T14:55:50+00:00\",\"mainEntityOfPage\":{\"@id\":\"https:\/\/www.christeyns.com\/pt-pt\/a-christeyns-esta-na-linha-da-frente-com-os-profissionais-de-saude\/\"},\"wordCount\":589,\"publisher\":{\"@id\":\"https:\/\/www.christeyns.com\/pt-pt\/#organization\"},\"image\":{\"@id\":\"https:\/\/www.christeyns.com\/pt-pt\/a-christeyns-esta-na-linha-da-frente-com-os-profissionais-de-saude\/#primaryimage\"},\"thumbnailUrl\":\"https:\/\/www.christeyns.com\/wp-content\/uploads\/2023\/12\/Design-sem-nome.jpg\",\"articleSection\":[\"Ind\u00fastrias\",\"Medical Care\"],\"inLanguage\":\"pt-PT\"},{\"@type\":\"WebPage\",\"@id\":\"https:\/\/www.christeyns.com\/pt-pt\/a-christeyns-esta-na-linha-da-frente-com-os-profissionais-de-saude\/\",\"url\":\"https:\/\/www.christeyns.com\/pt-pt\/a-christeyns-esta-na-linha-da-frente-com-os-profissionais-de-saude\/\",\"name\":\"A Christeyns est\u00e1 na linha da frente com os profissionais de sa\u00fade | Christeyns\",\"isPartOf\":{\"@id\":\"https:\/\/www.christeyns.com\/pt-pt\/#website\"},\"primaryImageOfPage\":{\"@id\":\"https:\/\/www.christeyns.com\/pt-pt\/a-christeyns-esta-na-linha-da-frente-com-os-profissionais-de-saude\/#primaryimage\"},\"image\":{\"@id\":\"https:\/\/www.christeyns.com\/pt-pt\/a-christeyns-esta-na-linha-da-frente-com-os-profissionais-de-saude\/#primaryimage\"},\"thumbnailUrl\":\"https:\/\/www.christeyns.com\/wp-content\/uploads\/2023\/12\/Design-sem-nome.jpg\",\"datePublished\":\"2023-12-04T12:59:07+00:00\",\"dateModified\":\"2023-12-04T14:55:50+00:00\",\"description\":\"A Christeyns e o desafio da limpeza e desinfe\u00e7\u00e3o de espa\u00e7os de sa\u00fade e a preven\u00e7\u00e3o da infe\u00e7\u00e3o hospitalar\",\"breadcrumb\":{\"@id\":\"https:\/\/www.christeyns.com\/pt-pt\/a-christeyns-esta-na-linha-da-frente-com-os-profissionais-de-saude\/#breadcrumb\"},\"inLanguage\":\"pt-PT\",\"potentialAction\":[{\"@type\":\"ReadAction\",\"target\":[\"https:\/\/www.christeyns.com\/pt-pt\/a-christeyns-esta-na-linha-da-frente-com-os-profissionais-de-saude\/\"]}]},{\"@type\":\"ImageObject\",\"inLanguage\":\"pt-PT\",\"@id\":\"https:\/\/www.christeyns.com\/pt-pt\/a-christeyns-esta-na-linha-da-frente-com-os-profissionais-de-saude\/#primaryimage\",\"url\":\"https:\/\/www.christeyns.com\/wp-content\/uploads\/2023\/12\/Design-sem-nome.jpg\",\"contentUrl\":\"https:\/\/www.christeyns.com\/wp-content\/uploads\/2023\/12\/Design-sem-nome.jpg\",\"width\":1920,\"height\":1080},{\"@type\":\"BreadcrumbList\",\"@id\":\"https:\/\/www.christeyns.com\/pt-pt\/a-christeyns-esta-na-linha-da-frente-com-os-profissionais-de-saude\/#breadcrumb\",\"itemListElement\":[{\"@type\":\"ListItem\",\"position\":1,\"name\":\"Home\",\"item\":\"https:\/\/www.christeyns.com\/pt-pt\/\"},{\"@type\":\"ListItem\",\"position\":2,\"name\":\"A Christeyns est\u00e1 na linha da frente com os profissionais de sa\u00fade\"}]},{\"@type\":\"WebSite\",\"@id\":\"https:\/\/www.christeyns.com\/pt-pt\/#website\",\"url\":\"https:\/\/www.christeyns.com\/pt-pt\/\",\"name\":\"Christeyns\",\"description\":\"Christeyns - Striving for a cleaner future\",\"publisher\":{\"@id\":\"https:\/\/www.christeyns.com\/pt-pt\/#organization\"},\"inLanguage\":\"pt-PT\"},{\"@type\":\"Organization\",\"@id\":\"https:\/\/www.christeyns.com\/pt-pt\/#organization\",\"name\":\"Christeyns\",\"url\":\"https:\/\/www.christeyns.com\/pt-pt\/\",\"logo\":{\"@type\":\"ImageObject\",\"inLanguage\":\"pt-PT\",\"@id\":\"https:\/\/www.christeyns.com\/pt-pt\/#\/schema\/logo\/image\/\",\"url\":\"https:\/\/www.christeyns.com\/wp-content\/uploads\/2021\/06\/logo.png\",\"contentUrl\":\"https:\/\/www.christeyns.com\/wp-content\/uploads\/2021\/06\/logo.png\",\"width\":262,\"height\":40,\"caption\":\"Christeyns\"},\"image\":{\"@id\":\"https:\/\/www.christeyns.com\/pt-pt\/#\/schema\/logo\/image\/\"},\"sameAs\":[\"https:\/\/www.linkedin.com\/company\/christeyns\",\"https:\/\/www.youtube.com\/c\/christeynshq\"]},{\"@type\":\"Person\",\"@id\":\"https:\/\/www.christeyns.com\/pt-pt\/#\/schema\/person\/44e12d4ee09a97d1ee0378a7e132f0d4\",\"name\":\"Carolina Esteves\"}]}<\/script>\n<!-- \/ Yoast SEO plugin. -->","yoast_head_json":{"title":"A Christeyns est\u00e1 na linha da frente com os profissionais de sa\u00fade | Christeyns","description":"A Christeyns e o desafio da limpeza e desinfe\u00e7\u00e3o de espa\u00e7os de sa\u00fade e a preven\u00e7\u00e3o da infe\u00e7\u00e3o hospitalar","robots":{"index":"index","follow":"follow","max-snippet":"max-snippet:-1","max-image-preview":"max-image-preview:large","max-video-preview":"max-video-preview:-1"},"canonical":"https:\/\/www.christeyns.com\/pt-pt\/a-christeyns-esta-na-linha-da-frente-com-os-profissionais-de-saude\/","og_locale":"pt_PT","og_type":"article","og_title":"A Christeyns est\u00e1 na linha da frente com os profissionais de sa\u00fade | Christeyns","og_description":"A Christeyns e o desafio da limpeza e desinfe\u00e7\u00e3o de espa\u00e7os de sa\u00fade e a preven\u00e7\u00e3o da infe\u00e7\u00e3o hospitalar","og_url":"https:\/\/www.christeyns.com\/pt-pt\/a-christeyns-esta-na-linha-da-frente-com-os-profissionais-de-saude\/","og_site_name":"Christeyns","article_published_time":"2023-12-04T12:59:07+00:00","article_modified_time":"2023-12-04T14:55:50+00:00","og_image":[{"width":1920,"height":1080,"url":"https:\/\/www.christeyns.com\/wp-content\/uploads\/2023\/12\/Design-sem-nome.jpg","type":"image\/jpeg"}],"author":"Carolina Esteves","twitter_card":"summary_large_image","twitter_misc":{"Escrito por":"Carolina Esteves","Tempo estimado de leitura":"3 minutos"},"schema":{"@context":"https:\/\/schema.org","@graph":[{"@type":"Article","@id":"https:\/\/www.christeyns.com\/pt-pt\/a-christeyns-esta-na-linha-da-frente-com-os-profissionais-de-saude\/#article","isPartOf":{"@id":"https:\/\/www.christeyns.com\/pt-pt\/a-christeyns-esta-na-linha-da-frente-com-os-profissionais-de-saude\/"},"author":{"name":"Carolina Esteves","@id":"https:\/\/www.christeyns.com\/pt-pt\/#\/schema\/person\/44e12d4ee09a97d1ee0378a7e132f0d4"},"headline":"A Christeyns est\u00e1 na linha da frente com os profissionais de sa\u00fade","datePublished":"2023-12-04T12:59:07+00:00","dateModified":"2023-12-04T14:55:50+00:00","mainEntityOfPage":{"@id":"https:\/\/www.christeyns.com\/pt-pt\/a-christeyns-esta-na-linha-da-frente-com-os-profissionais-de-saude\/"},"wordCount":589,"publisher":{"@id":"https:\/\/www.christeyns.com\/pt-pt\/#organization"},"image":{"@id":"https:\/\/www.christeyns.com\/pt-pt\/a-christeyns-esta-na-linha-da-frente-com-os-profissionais-de-saude\/#primaryimage"},"thumbnailUrl":"https:\/\/www.christeyns.com\/wp-content\/uploads\/2023\/12\/Design-sem-nome.jpg","articleSection":["Ind\u00fastrias","Medical Care"],"inLanguage":"pt-PT"},{"@type":"WebPage","@id":"https:\/\/www.christeyns.com\/pt-pt\/a-christeyns-esta-na-linha-da-frente-com-os-profissionais-de-saude\/","url":"https:\/\/www.christeyns.com\/pt-pt\/a-christeyns-esta-na-linha-da-frente-com-os-profissionais-de-saude\/","name":"A Christeyns est\u00e1 na linha da frente com os profissionais de sa\u00fade | Christeyns","isPartOf":{"@id":"https:\/\/www.christeyns.com\/pt-pt\/#website"},"primaryImageOfPage":{"@id":"https:\/\/www.christeyns.com\/pt-pt\/a-christeyns-esta-na-linha-da-frente-com-os-profissionais-de-saude\/#primaryimage"},"image":{"@id":"https:\/\/www.christeyns.com\/pt-pt\/a-christeyns-esta-na-linha-da-frente-com-os-profissionais-de-saude\/#primaryimage"},"thumbnailUrl":"https:\/\/www.christeyns.com\/wp-content\/uploads\/2023\/12\/Design-sem-nome.jpg","datePublished":"2023-12-04T12:59:07+00:00","dateModified":"2023-12-04T14:55:50+00:00","description":"A Christeyns e o desafio da limpeza e desinfe\u00e7\u00e3o de espa\u00e7os de sa\u00fade e a preven\u00e7\u00e3o da infe\u00e7\u00e3o hospitalar","breadcrumb":{"@id":"https:\/\/www.christeyns.com\/pt-pt\/a-christeyns-esta-na-linha-da-frente-com-os-profissionais-de-saude\/#breadcrumb"},"inLanguage":"pt-PT","potentialAction":[{"@type":"ReadAction","target":["https:\/\/www.christeyns.com\/pt-pt\/a-christeyns-esta-na-linha-da-frente-com-os-profissionais-de-saude\/"]}]},{"@type":"ImageObject","inLanguage":"pt-PT","@id":"https:\/\/www.christeyns.com\/pt-pt\/a-christeyns-esta-na-linha-da-frente-com-os-profissionais-de-saude\/#primaryimage","url":"https:\/\/www.christeyns.com\/wp-content\/uploads\/2023\/12\/Design-sem-nome.jpg","contentUrl":"https:\/\/www.christeyns.com\/wp-content\/uploads\/2023\/12\/Design-sem-nome.jpg","width":1920,"height":1080},{"@type":"BreadcrumbList","@id":"https:\/\/www.christeyns.com\/pt-pt\/a-christeyns-esta-na-linha-da-frente-com-os-profissionais-de-saude\/#breadcrumb","itemListElement":[{"@type":"ListItem","position":1,"name":"Home","item":"https:\/\/www.christeyns.com\/pt-pt\/"},{"@type":"ListItem","position":2,"name":"A Christeyns est\u00e1 na linha da frente com os profissionais de sa\u00fade"}]},{"@type":"WebSite","@id":"https:\/\/www.christeyns.com\/pt-pt\/#website","url":"https:\/\/www.christeyns.com\/pt-pt\/","name":"Christeyns","description":"Christeyns - Striving for a cleaner future","publisher":{"@id":"https:\/\/www.christeyns.com\/pt-pt\/#organization"},"inLanguage":"pt-PT"},{"@type":"Organization","@id":"https:\/\/www.christeyns.com\/pt-pt\/#organization","name":"Christeyns","url":"https:\/\/www.christeyns.com\/pt-pt\/","logo":{"@type":"ImageObject","inLanguage":"pt-PT","@id":"https:\/\/www.christeyns.com\/pt-pt\/#\/schema\/logo\/image\/","url":"https:\/\/www.christeyns.com\/wp-content\/uploads\/2021\/06\/logo.png","contentUrl":"https:\/\/www.christeyns.com\/wp-content\/uploads\/2021\/06\/logo.png","width":262,"height":40,"caption":"Christeyns"},"image":{"@id":"https:\/\/www.christeyns.com\/pt-pt\/#\/schema\/logo\/image\/"},"sameAs":["https:\/\/www.linkedin.com\/company\/christeyns","https:\/\/www.youtube.com\/c\/christeynshq"]},{"@type":"Person","@id":"https:\/\/www.christeyns.com\/pt-pt\/#\/schema\/person\/44e12d4ee09a97d1ee0378a7e132f0d4","name":"Carolina Esteves"}]}},"_links":{"self":[{"href":"https:\/\/www.christeyns.com\/pt-pt\/wp-json\/wp\/v2\/posts\/98827","targetHints":{"allow":["GET"]}}],"collection":[{"href":"https:\/\/www.christeyns.com\/pt-pt\/wp-json\/wp\/v2\/posts"}],"about":[{"href":"https:\/\/www.christeyns.com\/pt-pt\/wp-json\/wp\/v2\/types\/post"}],"author":[{"embeddable":true,"href":"https:\/\/www.christeyns.com\/pt-pt\/wp-json\/wp\/v2\/users\/37"}],"replies":[{"embeddable":true,"href":"https:\/\/www.christeyns.com\/pt-pt\/wp-json\/wp\/v2\/comments?post=98827"}],"version-history":[{"count":8,"href":"https:\/\/www.christeyns.com\/pt-pt\/wp-json\/wp\/v2\/posts\/98827\/revisions"}],"predecessor-version":[{"id":98895,"href":"https:\/\/www.christeyns.com\/pt-pt\/wp-json\/wp\/v2\/posts\/98827\/revisions\/98895"}],"wp:featuredmedia":[{"embeddable":true,"href":"https:\/\/www.christeyns.com\/pt-pt\/wp-json\/wp\/v2\/media\/98844"}],"wp:attachment":[{"href":"https:\/\/www.christeyns.com\/pt-pt\/wp-json\/wp\/v2\/media?parent=98827"}],"wp:term":[{"taxonomy":"category","embeddable":true,"href":"https:\/\/www.christeyns.com\/pt-pt\/wp-json\/wp\/v2\/categories?post=98827"},{"taxonomy":"post_tag","embeddable":true,"href":"https:\/\/www.christeyns.com\/pt-pt\/wp-json\/wp\/v2\/tags?post=98827"}],"curies":[{"name":"wp","href":"https:\/\/api.w.org\/{rel}","templated":true}]}}