{"id":51304,"date":"2022-05-24T10:38:27","date_gmt":"2022-05-24T10:38:27","guid":{"rendered":"https:\/\/www.christeyns.com\/?p=51304"},"modified":"2024-07-01T09:06:38","modified_gmt":"2024-07-01T09:06:38","slug":"como-e-que-a-crise-de-abastecimento-e-o-aumento-dos-custos-afetam-a-seguranca-alimentar","status":"publish","type":"post","link":"https:\/\/www.christeyns.com\/pt-pt\/como-e-que-a-crise-de-abastecimento-e-o-aumento-dos-custos-afetam-a-seguranca-alimentar\/","title":{"rendered":"Como \u00e9 que a crise de abastecimento e o aumento dos custos afetam a seguran\u00e7a alimentar?"},"content":{"rendered":"<h4>A seguran\u00e7a alimentar continua a ser a principal prioridade<\/h4>\n<p>Energia, mat\u00e9rias primas, transporte, consumo, pre\u00e7os&#8230; Tudo disparou nos \u00faltimos meses, quase de surpresa. Os mercados globais est\u00e3o no meio de uma profunda crise de abastecimento, o que levou a um aumento acentuado do custo das mat\u00e9rias-primas e da energia. Uma situa\u00e7\u00e3o at\u00edpica que surge ap\u00f3s dois anos de uma pandemia que alterou as regras do jogo.<\/p>\n<p>Embora resistindo a uma fase de reestrutura\u00e7\u00e3o do mercado, nos \u00faltimos dois meses fomos confrontados com outro fator que, mais uma vez, abalou o tabuleiro de xadrez mundial: a invas\u00e3o da Ucr\u00e2nia e o isolamento da R\u00fassia nos mercados de fornecimento de energia e mat\u00e9rias-primas. Tudo isto est\u00e1 a alimentar um cen\u00e1rio de instabilidade do mercado. Uma situa\u00e7\u00e3o que aumenta o foco da ind\u00fastria na redu\u00e7\u00e3o dos custos, como uma prioridade. Uma premissa poss\u00edvel, sem comprometer a seguran\u00e7a alimentar, evitando assim, outros problemas graves relacionados com a sa\u00fade, seguran\u00e7a e reputa\u00e7\u00e3o, entre outros.<\/p>\n<p>A ind\u00fastria alimentar est\u00e1 num contexto dif\u00edcil, uma vez que precisa de encontrar uma forma de fazer face a todos estes aumentos, mantendo as margens de lucro e sem reduzir a seguran\u00e7a dos produtos. \u00c9 quase uma quimera que n\u00e3o pode ser um desafio para o mercado global.<\/p>\n<p>Os recentes casos de intoxica\u00e7\u00e3o alimentar puseram todo o sector em alerta. A simples redu\u00e7\u00e3o dos custos na limpeza e desinfe\u00e7\u00e3o das instala\u00e7\u00f5es n\u00e3o \u00e9 uma boa op\u00e7\u00e3o, bem pelo contr\u00e1rio. O n\u00e3o cumprimento dos protocolos de higieniza\u00e7\u00e3o estabelecidos e a substitui\u00e7\u00e3o de certos produtos por outros de menor qualidade, tem uma consequ\u00eancia direta&#8230; a redu\u00e7\u00e3o da seguran\u00e7a alimentar.<\/p>\n<p>A ind\u00fastria qu\u00edmica tamb\u00e9m tem sido afetada por esta nova situa\u00e7\u00e3o. O aumento de todos os custos est\u00e1 tamb\u00e9m a afet\u00e1-la. Isto n\u00e3o significa que tenha de desistir dos seus esfor\u00e7os em para produzir produtos de qualidade, eficazes e eficientes, apoiando a ind\u00fastria alimentar, na produ\u00e7\u00e3o de alimentos seguros.<\/p>\n<p>H\u00e1 alguns dias, a Autoridade Europeia de Seguran\u00e7a Alimentar (EFSA) e o Centro Europeu de Preven\u00e7\u00e3o e Controlo das Doen\u00e7as (ECDC) anunciaram um surto internacional de infe\u00e7\u00f5es por <em>Salmonella typhimurium ST34 <\/em>ligadas a produtos de chocolate. At\u00e9 ao in\u00edcio de Abril, tinham sido notificados 150 casos, principalmente em crian\u00e7as com menos de dez anos de idade, v\u00edtimas de intoxica\u00e7\u00e3o alimentar.<\/p>\n<p>Mas o m\u00eas de Abril trouxe tamb\u00e9m outras not\u00edcias sobre produtos contaminados prejudiciais \u00e0 sa\u00fade humana. Por exemplo, um surto de <em>Listeria monocytogenes <\/em>na cabe\u00e7a dos porcos, <em>Escherichia coli <\/em>em Fran\u00e7a devido ao consumo de massa congelada ou sibutramina, num suplemento alimentar. Estes s\u00e3o apenas alguns exemplos do que poder\u00e1 proliferar nos pr\u00f3ximos meses, se a higiene nos locais de produ\u00e7\u00e3o n\u00e3o for levada a s\u00e9rio.<\/p>\n<p>De acordo com a Organiza\u00e7\u00e3o Mundial de Sa\u00fade, 4.700 pessoas morrem todos os anos na Europa de alimentos contaminados, 420.000 em todo o mundo, e 23 milh\u00f5es de europeus adoecem em consequ\u00eancia disso.<\/p>\n<p>A redu\u00e7\u00e3o da limpeza e desinfe\u00e7\u00e3o \u00e9 incompat\u00edvel com a garantia da seguran\u00e7a alimentar. Otimizar n\u00e3o \u00e9 reduzir, mas sim \u00e9 encontrar ferramentas e produtos novos, mais eficientes e sustent\u00e1veis que possam conduzir a poupan\u00e7a de tempo, consumo de \u00e1gua e energia, que s\u00e3o os principais fatores que contribuem para o custo das opera\u00e7\u00f5es de higiene. A substitui\u00e7\u00e3o de detergentes e desinfetantes por outros de menor qualidade, n\u00e3o \u00e9 a solu\u00e7\u00e3o. A redu\u00e7\u00e3o da frequ\u00eancia da limpeza e desinfe\u00e7\u00e3o tamb\u00e9m n\u00e3o \u00e9 a solu\u00e7\u00e3o. Por conseguinte, manter os processos de higiene dentro de limites que garantam a seguran\u00e7a alimentar \u00e9 essencial. O mesmo se aplica ao aconselhamento e aos servi\u00e7os t\u00e9cnicos corretos, para os\u00a0 processos de higiene na ind\u00fastria.<\/p>\n<p>\u00c9 precisamente aqui que um parceiro de higiene desempenha um papel fundamental. Uma fun\u00e7\u00e3o consultiva, na qual s\u00e3o definidas as caracter\u00edsticas estabelecidas e as premissas a cumprir para assegurar a adequa\u00e7\u00e3o, a qualidade e a efic\u00e1cia dos servi\u00e7os prestados. A implementa\u00e7\u00e3o de ferramentas de monitoriza\u00e7\u00e3o e controlo contribuir\u00e1 para melhorar a efici\u00eancia dos processos de higieniza\u00e7\u00e3o, o que, por sua vez, ajudar\u00e1 a ind\u00fastria a colocar alimentos seguros no mercado. Assim, ser\u00e1 poss\u00edvel oferecer solu\u00e7\u00f5es de higiene sustent\u00e1veis e personalizadas e conseguir processos de higieniza\u00e7\u00e3o mais eficientes a custos mais baixos.<\/p>\n<p>Estamos, portanto, a falar de um servi\u00e7o global de higiene que cobre todas as \u00e1reas e fatores envolvidos na higieniza\u00e7\u00e3o das instala\u00e7\u00f5es de produ\u00e7\u00e3o e manipula\u00e7\u00e3o de alimentos: desde a recomenda\u00e7\u00e3o e fornecimento de produtos e equipamento necess\u00e1rio para a aplica\u00e7\u00e3o, at\u00e9 \u00e0 valida\u00e7\u00e3o dos resultados de higiene. Sem esquecer aspectos como a forma\u00e7\u00e3o e supervis\u00e3o dos colaboradores envolvidos nas tarefas de higiene, bem como, a concep\u00e7\u00e3o de protocolos de limpeza e desinfe\u00e7\u00e3o.<\/p>\n<p>Os processos autom\u00e1ticos podem ser um bom exemplo para reduzir o consumo, por exemplo, sistemas autom\u00e1ticos de limpeza da correia ou mesmo limpeza ultra-s\u00f3nica. Al\u00e9m disso, atualmente, est\u00e3o dispon\u00edveis no mercado sistemas de monitoriza\u00e7\u00e3o do consumo, tanto para sistemas de limpeza de espa\u00e7os abertos, como para sistemas CIP.<\/p>\n<p>A utiliza\u00e7\u00e3o de equipamento de qualidade, a implementa\u00e7\u00e3o de um servi\u00e7o de manuten\u00e7\u00e3o preventiva e o controlo da dosagem, s\u00e3o outras boas pr\u00e1ticas que podem ser implementadas.<\/p>\n<p>Os produtos tamb\u00e9m desempenham um papel importante. Optar por alternativas igualmente eficazes, tais como os produtos concentrados, com a poupan\u00e7a no transporte que isso implica, bem como outros tipos de produtos que s\u00e3o f\u00e1ceis de enxaguar ou que funcionam a baixas temperaturas, que permitem poupar \u00e1gua e energia, s\u00e3o outras op\u00e7\u00f5es a ter em conta.<\/p>\n<p>Nesta crise de pre\u00e7os, com a luta incessante pela poupan\u00e7a de custos, os v\u00e1rios elos da cadeia de valor da ind\u00fastria alimentar n\u00e3o devem esquecer o seu papel principal: produzir alimentos seguros e garantir que os produtos que saem das suas f\u00e1bricas s\u00e3o seguros. Esta amea\u00e7a deve ser transformada numa oportunidade de analisar mais de perto os processos de limpeza e desinfe\u00e7\u00e3o. \u00c9 certo que isto pode levar algum tempo e esfor\u00e7o, mas levar\u00e1 a uma melhor monitoriza\u00e7\u00e3o e controlo de todos estes processos, a longo prazo. Sem d\u00favida, este \u00e9 o \u00fanico m\u00e9todo v\u00e1lido para poupar, mantendo simultaneamente, um ambiente de produ\u00e7\u00e3o alimentar seguro.<\/p>\n<p>Esta \u00e9 a \u00fanica forma de enfrentar esta nova amea\u00e7a que j\u00e1 come\u00e7ou a mostrar os seus primeiros sintomas. Se ir\u00e1 ou n\u00e3o mais longe, depender\u00e1 do grau de envolvimento da pr\u00f3pria cadeia de valor. Uma crise de reputa\u00e7\u00e3o pode causar danos irrevers\u00edveis a uma marca, j\u00e1 para n\u00e3o falar dos danos causados aos consumidores. Seja como for, em circunst\u00e2ncia alguma, se deve baixar a guarda em rela\u00e7\u00e3o \u00e0 seguran\u00e7a alimentar: \u00e9 simplesmente vital.<\/p>\n<p>Hoje, mais do que nunca, o elevado n\u00edvel de profissionalismo dos colaboradores e fornecedores da ind\u00fastria alimentar deve ser primordial, no interesse da seguran\u00e7a alimentar.<\/p>\n<p>&nbsp;<\/p>\n<p>Autores:<\/p>\n<p style=\"text-align: left;\">Ram\u00f3n Bert\u00f3<\/p>\n<p style=\"text-align: left;\">Joan Estornell<\/p>\n","protected":false},"excerpt":{"rendered":"<p>A seguran\u00e7a alimentar continua a ser a principal prioridade Energia, mat\u00e9rias primas, transporte, consumo, pre\u00e7os&#8230; Tudo disparou nos \u00faltimos meses, quase de surpresa. Os mercados globais est\u00e3o no meio de uma profunda crise de abastecimento, o que levou a um aumento acentuado do custo das mat\u00e9rias-primas e da energia. Uma situa\u00e7\u00e3o at\u00edpica que surge ap\u00f3s [&hellip;]<\/p>\n","protected":false},"author":15,"featured_media":51240,"comment_status":"closed","ping_status":"closed","sticky":false,"template":"","format":"standard","meta":{"_acf_changed":false,"content-type":"","footnotes":""},"categories":[1584,1600,1574,1556,1558],"tags":[],"class_list":["post-51304","post","type-post","status-publish","format-standard","hentry","category-hygiene-in-general-pt-pt","category-innovation-pt-pt","category-food-processing-and-retail-pt-pt-industrias","category-chemicals-pt-pt","category-safety-pt-pt"],"acf":[],"yoast_head":"<!-- This site is optimized with the Yoast SEO plugin v26.9 - https:\/\/yoast.com\/product\/yoast-seo-wordpress\/ -->\n<title>Como \u00e9 que a crise de abastecimento e o aumento dos custos afetam a seguran\u00e7a alimentar? | Christeyns<\/title>\n<meta name=\"description\" content=\"A ind\u00fastria alimentar est\u00e1 num contexto dif\u00edcil, uma vez que precisa de encontrar uma forma de para fazer face aos aumentos, mantendo as margens de lucro e sem reduzir a seguran\u00e7a dos produtos. \u00c9 quase uma quimera que n\u00e3o pode ser um desafio para o mercado global.\" \/>\n<meta name=\"robots\" content=\"index, follow, max-snippet:-1, max-image-preview:large, max-video-preview:-1\" \/>\n<link rel=\"canonical\" href=\"https:\/\/www.christeyns.com\/pt-pt\/como-e-que-a-crise-de-abastecimento-e-o-aumento-dos-custos-afetam-a-seguranca-alimentar\/\" \/>\n<meta property=\"og:locale\" content=\"pt_PT\" \/>\n<meta property=\"og:type\" content=\"article\" \/>\n<meta property=\"og:title\" content=\"Como \u00e9 que a crise de abastecimento e o aumento dos custos afetam a seguran\u00e7a alimentar? | Christeyns\" \/>\n<meta property=\"og:description\" content=\"A ind\u00fastria alimentar est\u00e1 num contexto dif\u00edcil, uma vez que precisa de encontrar uma forma de para fazer face aos aumentos, mantendo as margens de lucro e sem reduzir a seguran\u00e7a dos produtos. \u00c9 quase uma quimera que n\u00e3o pode ser um desafio para o mercado global.\" \/>\n<meta property=\"og:url\" content=\"https:\/\/www.christeyns.com\/pt-pt\/como-e-que-a-crise-de-abastecimento-e-o-aumento-dos-custos-afetam-a-seguranca-alimentar\/\" \/>\n<meta property=\"og:site_name\" content=\"Christeyns\" \/>\n<meta property=\"article:published_time\" content=\"2022-05-24T10:38:27+00:00\" \/>\n<meta property=\"article:modified_time\" content=\"2024-07-01T09:06:38+00:00\" \/>\n<meta property=\"og:image\" content=\"https:\/\/www.christeyns.com\/wp-content\/uploads\/2022\/05\/Crisis-suministros-materiasprimas-Seguridad-Alimentaria_CHRISTEYNS.jpg\" \/>\n\t<meta property=\"og:image:width\" content=\"600\" \/>\n\t<meta property=\"og:image:height\" content=\"401\" \/>\n\t<meta property=\"og:image:type\" content=\"image\/jpeg\" \/>\n<meta name=\"author\" content=\"Catarina Pereira\" \/>\n<meta name=\"twitter:card\" content=\"summary_large_image\" \/>\n<meta name=\"twitter:label1\" content=\"Escrito por\" \/>\n\t<meta name=\"twitter:data1\" content=\"Catarina Pereira\" \/>\n\t<meta name=\"twitter:label2\" content=\"Tempo estimado de leitura\" \/>\n\t<meta name=\"twitter:data2\" content=\"5 minutos\" \/>\n<script type=\"application\/ld+json\" class=\"yoast-schema-graph\">{\"@context\":\"https:\/\/schema.org\",\"@graph\":[{\"@type\":\"Article\",\"@id\":\"https:\/\/www.christeyns.com\/pt-pt\/como-e-que-a-crise-de-abastecimento-e-o-aumento-dos-custos-afetam-a-seguranca-alimentar\/#article\",\"isPartOf\":{\"@id\":\"https:\/\/www.christeyns.com\/pt-pt\/como-e-que-a-crise-de-abastecimento-e-o-aumento-dos-custos-afetam-a-seguranca-alimentar\/\"},\"author\":{\"name\":\"Catarina Pereira\",\"@id\":\"https:\/\/www.christeyns.com\/pt-pt\/#\/schema\/person\/7a75c8b714f156d2501660063ceb6073\"},\"headline\":\"Como \u00e9 que a crise de abastecimento e o aumento dos custos afetam a seguran\u00e7a alimentar?\",\"datePublished\":\"2022-05-24T10:38:27+00:00\",\"dateModified\":\"2024-07-01T09:06:38+00:00\",\"mainEntityOfPage\":{\"@id\":\"https:\/\/www.christeyns.com\/pt-pt\/como-e-que-a-crise-de-abastecimento-e-o-aumento-dos-custos-afetam-a-seguranca-alimentar\/\"},\"wordCount\":1264,\"publisher\":{\"@id\":\"https:\/\/www.christeyns.com\/pt-pt\/#organization\"},\"image\":{\"@id\":\"https:\/\/www.christeyns.com\/pt-pt\/como-e-que-a-crise-de-abastecimento-e-o-aumento-dos-custos-afetam-a-seguranca-alimentar\/#primaryimage\"},\"thumbnailUrl\":\"https:\/\/www.christeyns.com\/wp-content\/uploads\/2022\/05\/Crisis-suministros-materiasprimas-Seguridad-Alimentaria_CHRISTEYNS.jpg\",\"articleSection\":[\"Higiene geral\",\"Inova\u00e7\u00e3o\",\"Processamento alimentar e retalho\",\"Produtos qu\u00edmicos\",\"Seguran\u00e7a\"],\"inLanguage\":\"pt-PT\"},{\"@type\":\"WebPage\",\"@id\":\"https:\/\/www.christeyns.com\/pt-pt\/como-e-que-a-crise-de-abastecimento-e-o-aumento-dos-custos-afetam-a-seguranca-alimentar\/\",\"url\":\"https:\/\/www.christeyns.com\/pt-pt\/como-e-que-a-crise-de-abastecimento-e-o-aumento-dos-custos-afetam-a-seguranca-alimentar\/\",\"name\":\"Como \u00e9 que a crise de abastecimento e o aumento dos custos afetam a seguran\u00e7a alimentar? | Christeyns\",\"isPartOf\":{\"@id\":\"https:\/\/www.christeyns.com\/pt-pt\/#website\"},\"primaryImageOfPage\":{\"@id\":\"https:\/\/www.christeyns.com\/pt-pt\/como-e-que-a-crise-de-abastecimento-e-o-aumento-dos-custos-afetam-a-seguranca-alimentar\/#primaryimage\"},\"image\":{\"@id\":\"https:\/\/www.christeyns.com\/pt-pt\/como-e-que-a-crise-de-abastecimento-e-o-aumento-dos-custos-afetam-a-seguranca-alimentar\/#primaryimage\"},\"thumbnailUrl\":\"https:\/\/www.christeyns.com\/wp-content\/uploads\/2022\/05\/Crisis-suministros-materiasprimas-Seguridad-Alimentaria_CHRISTEYNS.jpg\",\"datePublished\":\"2022-05-24T10:38:27+00:00\",\"dateModified\":\"2024-07-01T09:06:38+00:00\",\"description\":\"A ind\u00fastria alimentar est\u00e1 num contexto dif\u00edcil, uma vez que precisa de encontrar uma forma de para fazer face aos aumentos, mantendo as margens de lucro e sem reduzir a seguran\u00e7a dos produtos. \u00c9 quase uma quimera que n\u00e3o pode ser um desafio para o mercado global.\",\"breadcrumb\":{\"@id\":\"https:\/\/www.christeyns.com\/pt-pt\/como-e-que-a-crise-de-abastecimento-e-o-aumento-dos-custos-afetam-a-seguranca-alimentar\/#breadcrumb\"},\"inLanguage\":\"pt-PT\",\"potentialAction\":[{\"@type\":\"ReadAction\",\"target\":[\"https:\/\/www.christeyns.com\/pt-pt\/como-e-que-a-crise-de-abastecimento-e-o-aumento-dos-custos-afetam-a-seguranca-alimentar\/\"]}]},{\"@type\":\"ImageObject\",\"inLanguage\":\"pt-PT\",\"@id\":\"https:\/\/www.christeyns.com\/pt-pt\/como-e-que-a-crise-de-abastecimento-e-o-aumento-dos-custos-afetam-a-seguranca-alimentar\/#primaryimage\",\"url\":\"https:\/\/www.christeyns.com\/wp-content\/uploads\/2022\/05\/Crisis-suministros-materiasprimas-Seguridad-Alimentaria_CHRISTEYNS.jpg\",\"contentUrl\":\"https:\/\/www.christeyns.com\/wp-content\/uploads\/2022\/05\/Crisis-suministros-materiasprimas-Seguridad-Alimentaria_CHRISTEYNS.jpg\",\"width\":600,\"height\":401,\"caption\":\"Family in the supermarket. Beautiful young mom and her little daughter smiling and buying food. The concept of healthy eating. Harvest\"},{\"@type\":\"BreadcrumbList\",\"@id\":\"https:\/\/www.christeyns.com\/pt-pt\/como-e-que-a-crise-de-abastecimento-e-o-aumento-dos-custos-afetam-a-seguranca-alimentar\/#breadcrumb\",\"itemListElement\":[{\"@type\":\"ListItem\",\"position\":1,\"name\":\"Home\",\"item\":\"https:\/\/www.christeyns.com\/pt-pt\/\"},{\"@type\":\"ListItem\",\"position\":2,\"name\":\"Como \u00e9 que a crise de abastecimento e o aumento dos custos afetam a seguran\u00e7a alimentar?\"}]},{\"@type\":\"WebSite\",\"@id\":\"https:\/\/www.christeyns.com\/pt-pt\/#website\",\"url\":\"https:\/\/www.christeyns.com\/pt-pt\/\",\"name\":\"Christeyns\",\"description\":\"Christeyns - Striving for a cleaner future\",\"publisher\":{\"@id\":\"https:\/\/www.christeyns.com\/pt-pt\/#organization\"},\"inLanguage\":\"pt-PT\"},{\"@type\":\"Organization\",\"@id\":\"https:\/\/www.christeyns.com\/pt-pt\/#organization\",\"name\":\"Christeyns\",\"url\":\"https:\/\/www.christeyns.com\/pt-pt\/\",\"logo\":{\"@type\":\"ImageObject\",\"inLanguage\":\"pt-PT\",\"@id\":\"https:\/\/www.christeyns.com\/pt-pt\/#\/schema\/logo\/image\/\",\"url\":\"https:\/\/www.christeyns.com\/wp-content\/uploads\/2021\/06\/logo.png\",\"contentUrl\":\"https:\/\/www.christeyns.com\/wp-content\/uploads\/2021\/06\/logo.png\",\"width\":262,\"height\":40,\"caption\":\"Christeyns\"},\"image\":{\"@id\":\"https:\/\/www.christeyns.com\/pt-pt\/#\/schema\/logo\/image\/\"},\"sameAs\":[\"https:\/\/www.linkedin.com\/company\/christeyns\",\"https:\/\/www.youtube.com\/c\/christeynshq\"]},{\"@type\":\"Person\",\"@id\":\"https:\/\/www.christeyns.com\/pt-pt\/#\/schema\/person\/7a75c8b714f156d2501660063ceb6073\",\"name\":\"Catarina Pereira\"}]}<\/script>\n<!-- \/ Yoast SEO plugin. -->","yoast_head_json":{"title":"Como \u00e9 que a crise de abastecimento e o aumento dos custos afetam a seguran\u00e7a alimentar? | Christeyns","description":"A ind\u00fastria alimentar est\u00e1 num contexto dif\u00edcil, uma vez que precisa de encontrar uma forma de para fazer face aos aumentos, mantendo as margens de lucro e sem reduzir a seguran\u00e7a dos produtos. \u00c9 quase uma quimera que n\u00e3o pode ser um desafio para o mercado global.","robots":{"index":"index","follow":"follow","max-snippet":"max-snippet:-1","max-image-preview":"max-image-preview:large","max-video-preview":"max-video-preview:-1"},"canonical":"https:\/\/www.christeyns.com\/pt-pt\/como-e-que-a-crise-de-abastecimento-e-o-aumento-dos-custos-afetam-a-seguranca-alimentar\/","og_locale":"pt_PT","og_type":"article","og_title":"Como \u00e9 que a crise de abastecimento e o aumento dos custos afetam a seguran\u00e7a alimentar? | Christeyns","og_description":"A ind\u00fastria alimentar est\u00e1 num contexto dif\u00edcil, uma vez que precisa de encontrar uma forma de para fazer face aos aumentos, mantendo as margens de lucro e sem reduzir a seguran\u00e7a dos produtos. \u00c9 quase uma quimera que n\u00e3o pode ser um desafio para o mercado global.","og_url":"https:\/\/www.christeyns.com\/pt-pt\/como-e-que-a-crise-de-abastecimento-e-o-aumento-dos-custos-afetam-a-seguranca-alimentar\/","og_site_name":"Christeyns","article_published_time":"2022-05-24T10:38:27+00:00","article_modified_time":"2024-07-01T09:06:38+00:00","og_image":[{"width":600,"height":401,"url":"https:\/\/www.christeyns.com\/wp-content\/uploads\/2022\/05\/Crisis-suministros-materiasprimas-Seguridad-Alimentaria_CHRISTEYNS.jpg","type":"image\/jpeg"}],"author":"Catarina Pereira","twitter_card":"summary_large_image","twitter_misc":{"Escrito por":"Catarina Pereira","Tempo estimado de leitura":"5 minutos"},"schema":{"@context":"https:\/\/schema.org","@graph":[{"@type":"Article","@id":"https:\/\/www.christeyns.com\/pt-pt\/como-e-que-a-crise-de-abastecimento-e-o-aumento-dos-custos-afetam-a-seguranca-alimentar\/#article","isPartOf":{"@id":"https:\/\/www.christeyns.com\/pt-pt\/como-e-que-a-crise-de-abastecimento-e-o-aumento-dos-custos-afetam-a-seguranca-alimentar\/"},"author":{"name":"Catarina Pereira","@id":"https:\/\/www.christeyns.com\/pt-pt\/#\/schema\/person\/7a75c8b714f156d2501660063ceb6073"},"headline":"Como \u00e9 que a crise de abastecimento e o aumento dos custos afetam a seguran\u00e7a alimentar?","datePublished":"2022-05-24T10:38:27+00:00","dateModified":"2024-07-01T09:06:38+00:00","mainEntityOfPage":{"@id":"https:\/\/www.christeyns.com\/pt-pt\/como-e-que-a-crise-de-abastecimento-e-o-aumento-dos-custos-afetam-a-seguranca-alimentar\/"},"wordCount":1264,"publisher":{"@id":"https:\/\/www.christeyns.com\/pt-pt\/#organization"},"image":{"@id":"https:\/\/www.christeyns.com\/pt-pt\/como-e-que-a-crise-de-abastecimento-e-o-aumento-dos-custos-afetam-a-seguranca-alimentar\/#primaryimage"},"thumbnailUrl":"https:\/\/www.christeyns.com\/wp-content\/uploads\/2022\/05\/Crisis-suministros-materiasprimas-Seguridad-Alimentaria_CHRISTEYNS.jpg","articleSection":["Higiene geral","Inova\u00e7\u00e3o","Processamento alimentar e retalho","Produtos qu\u00edmicos","Seguran\u00e7a"],"inLanguage":"pt-PT"},{"@type":"WebPage","@id":"https:\/\/www.christeyns.com\/pt-pt\/como-e-que-a-crise-de-abastecimento-e-o-aumento-dos-custos-afetam-a-seguranca-alimentar\/","url":"https:\/\/www.christeyns.com\/pt-pt\/como-e-que-a-crise-de-abastecimento-e-o-aumento-dos-custos-afetam-a-seguranca-alimentar\/","name":"Como \u00e9 que a crise de abastecimento e o aumento dos custos afetam a seguran\u00e7a alimentar? | Christeyns","isPartOf":{"@id":"https:\/\/www.christeyns.com\/pt-pt\/#website"},"primaryImageOfPage":{"@id":"https:\/\/www.christeyns.com\/pt-pt\/como-e-que-a-crise-de-abastecimento-e-o-aumento-dos-custos-afetam-a-seguranca-alimentar\/#primaryimage"},"image":{"@id":"https:\/\/www.christeyns.com\/pt-pt\/como-e-que-a-crise-de-abastecimento-e-o-aumento-dos-custos-afetam-a-seguranca-alimentar\/#primaryimage"},"thumbnailUrl":"https:\/\/www.christeyns.com\/wp-content\/uploads\/2022\/05\/Crisis-suministros-materiasprimas-Seguridad-Alimentaria_CHRISTEYNS.jpg","datePublished":"2022-05-24T10:38:27+00:00","dateModified":"2024-07-01T09:06:38+00:00","description":"A ind\u00fastria alimentar est\u00e1 num contexto dif\u00edcil, uma vez que precisa de encontrar uma forma de para fazer face aos aumentos, mantendo as margens de lucro e sem reduzir a seguran\u00e7a dos produtos. \u00c9 quase uma quimera que n\u00e3o pode ser um desafio para o mercado global.","breadcrumb":{"@id":"https:\/\/www.christeyns.com\/pt-pt\/como-e-que-a-crise-de-abastecimento-e-o-aumento-dos-custos-afetam-a-seguranca-alimentar\/#breadcrumb"},"inLanguage":"pt-PT","potentialAction":[{"@type":"ReadAction","target":["https:\/\/www.christeyns.com\/pt-pt\/como-e-que-a-crise-de-abastecimento-e-o-aumento-dos-custos-afetam-a-seguranca-alimentar\/"]}]},{"@type":"ImageObject","inLanguage":"pt-PT","@id":"https:\/\/www.christeyns.com\/pt-pt\/como-e-que-a-crise-de-abastecimento-e-o-aumento-dos-custos-afetam-a-seguranca-alimentar\/#primaryimage","url":"https:\/\/www.christeyns.com\/wp-content\/uploads\/2022\/05\/Crisis-suministros-materiasprimas-Seguridad-Alimentaria_CHRISTEYNS.jpg","contentUrl":"https:\/\/www.christeyns.com\/wp-content\/uploads\/2022\/05\/Crisis-suministros-materiasprimas-Seguridad-Alimentaria_CHRISTEYNS.jpg","width":600,"height":401,"caption":"Family in the supermarket. Beautiful young mom and her little daughter smiling and buying food. The concept of healthy eating. Harvest"},{"@type":"BreadcrumbList","@id":"https:\/\/www.christeyns.com\/pt-pt\/como-e-que-a-crise-de-abastecimento-e-o-aumento-dos-custos-afetam-a-seguranca-alimentar\/#breadcrumb","itemListElement":[{"@type":"ListItem","position":1,"name":"Home","item":"https:\/\/www.christeyns.com\/pt-pt\/"},{"@type":"ListItem","position":2,"name":"Como \u00e9 que a crise de abastecimento e o aumento dos custos afetam a seguran\u00e7a alimentar?"}]},{"@type":"WebSite","@id":"https:\/\/www.christeyns.com\/pt-pt\/#website","url":"https:\/\/www.christeyns.com\/pt-pt\/","name":"Christeyns","description":"Christeyns - Striving for a cleaner future","publisher":{"@id":"https:\/\/www.christeyns.com\/pt-pt\/#organization"},"inLanguage":"pt-PT"},{"@type":"Organization","@id":"https:\/\/www.christeyns.com\/pt-pt\/#organization","name":"Christeyns","url":"https:\/\/www.christeyns.com\/pt-pt\/","logo":{"@type":"ImageObject","inLanguage":"pt-PT","@id":"https:\/\/www.christeyns.com\/pt-pt\/#\/schema\/logo\/image\/","url":"https:\/\/www.christeyns.com\/wp-content\/uploads\/2021\/06\/logo.png","contentUrl":"https:\/\/www.christeyns.com\/wp-content\/uploads\/2021\/06\/logo.png","width":262,"height":40,"caption":"Christeyns"},"image":{"@id":"https:\/\/www.christeyns.com\/pt-pt\/#\/schema\/logo\/image\/"},"sameAs":["https:\/\/www.linkedin.com\/company\/christeyns","https:\/\/www.youtube.com\/c\/christeynshq"]},{"@type":"Person","@id":"https:\/\/www.christeyns.com\/pt-pt\/#\/schema\/person\/7a75c8b714f156d2501660063ceb6073","name":"Catarina Pereira"}]}},"_links":{"self":[{"href":"https:\/\/www.christeyns.com\/pt-pt\/wp-json\/wp\/v2\/posts\/51304","targetHints":{"allow":["GET"]}}],"collection":[{"href":"https:\/\/www.christeyns.com\/pt-pt\/wp-json\/wp\/v2\/posts"}],"about":[{"href":"https:\/\/www.christeyns.com\/pt-pt\/wp-json\/wp\/v2\/types\/post"}],"author":[{"embeddable":true,"href":"https:\/\/www.christeyns.com\/pt-pt\/wp-json\/wp\/v2\/users\/15"}],"replies":[{"embeddable":true,"href":"https:\/\/www.christeyns.com\/pt-pt\/wp-json\/wp\/v2\/comments?post=51304"}],"version-history":[{"count":13,"href":"https:\/\/www.christeyns.com\/pt-pt\/wp-json\/wp\/v2\/posts\/51304\/revisions"}],"predecessor-version":[{"id":116288,"href":"https:\/\/www.christeyns.com\/pt-pt\/wp-json\/wp\/v2\/posts\/51304\/revisions\/116288"}],"wp:featuredmedia":[{"embeddable":true,"href":"https:\/\/www.christeyns.com\/pt-pt\/wp-json\/wp\/v2\/media\/51240"}],"wp:attachment":[{"href":"https:\/\/www.christeyns.com\/pt-pt\/wp-json\/wp\/v2\/media?parent=51304"}],"wp:term":[{"taxonomy":"category","embeddable":true,"href":"https:\/\/www.christeyns.com\/pt-pt\/wp-json\/wp\/v2\/categories?post=51304"},{"taxonomy":"post_tag","embeddable":true,"href":"https:\/\/www.christeyns.com\/pt-pt\/wp-json\/wp\/v2\/tags?post=51304"}],"curies":[{"name":"wp","href":"https:\/\/api.w.org\/{rel}","templated":true}]}}