{"id":147091,"date":"2025-07-08T09:39:45","date_gmt":"2025-07-08T09:39:45","guid":{"rendered":"https:\/\/www.christeyns.com\/?p=147091"},"modified":"2025-07-16T09:07:35","modified_gmt":"2025-07-16T09:07:35","slug":"do-laboratorio-para-a-vida-a-ciencia-por-detras-da-clean-care","status":"publish","type":"post","link":"https:\/\/www.christeyns.com\/pt-pt\/do-laboratorio-para-a-vida-a-ciencia-por-detras-da-clean-care\/","title":{"rendered":"Do laborat\u00f3rio para a vida: A ci\u00eancia por detr\u00e1s da Clean &amp; Care"},"content":{"rendered":"<p>Ao apresentarmos a nossa nova linha de base &#8220;Experts in Clean. Partners in Care.&#8221;, sent\u00e1mo-nos com o nosso novo Diretor de I&amp;D de Higiene Profissional para discutir o que esta promessa significa do ponto de vista do produto e da inova\u00e7\u00e3o. Nesta entrevista, Steven De Backer partilha as suas primeiras impress\u00f5es sobre o nosso portf\u00f3lio, a sua vis\u00e3o para o futuro do desenvolvimento de produtos e a forma como a I&amp;D desempenha um papel fundamental para nos ajudar a proporcionar limpeza e cuidado &#8211; todos os dias, em todo o lado.<\/p>\n<p><strong>Steven, bem-vindo a bordo. Pode falar-nos um pouco sobre a pessoa por detr\u00e1s do cargo? O que mais o motiva no seu papel de diretor de I&amp;D?<\/strong><\/p>\n<p>Em crian\u00e7a, sempre tive curiosidade em saber como o mundo funciona. Essa mesma curiosidade levou-me a estudar Qu\u00edmica. E embora os detergentes possam parecer produtos simples e quotidianos &#8211; utilizados para lavar a loi\u00e7a ou limpar a roupa, s\u00e3o muito mais complicados do que as pessoas pensam. Tenho orgulho em fazer parte de uma equipa dedicada ao desenvolvimento de detergentes de alto desempenho com o menor impacto ambiental poss\u00edvel.<\/p>\n<p><strong>Quando come\u00e7ou a conhecer a nossa carteira de produtos, o que \u00e9 que lhe chamou mais a aten\u00e7\u00e3o?<\/strong><\/p>\n<p>V\u00e1rios aspetos se destacaram, mas dois em particular foram especialmente not\u00e1veis. Em primeiro lugar, a grande variedade de detergentes, cada um com carater\u00edsticas espec\u00edficas, cuidadosamente optimizados para diferentes tipos de sujidade e superf\u00edcies. Em segundo lugar, a extensa gama de produtos com r\u00f3tulo ecol\u00f3gico, que reflete claramente a prioridade que a Christeyns d\u00e1 \u00e0 sustentabilidade.<\/p>\n<p><strong>A nova assinatura da \u00e1rea de Higiene Profissional \u00e9 &#8220;Experts in Clean. Partners in Care.&#8221; O que \u00e9 que isto significa para si, pessoalmente?<\/strong><\/p>\n<p>\u201cExperts in Clean\u201d significa que, juntamente com os nossos fornecedores, n\u00e3o s\u00f3 nos mantemos \u00e0 frente dos novos desenvolvimentos, mas tamb\u00e9m atualizamos e melhoramos continuamente o nosso portf\u00f3lio existente com base no feedback do mercado. A nossa experi\u00eancia vai para al\u00e9m da formula\u00e7\u00e3o. Abrange tamb\u00e9m os processos de produ\u00e7\u00e3o e a excel\u00eancia operacional.<br \/>\nA assinatura \u201cPartners in Care\u201d tem muitas camadas. Come\u00e7a na nossa equipa de I&amp;D, onde partilhamos conhecimentos e colaboramos entre pa\u00edses e unidades de neg\u00f3cio. Continua atrav\u00e9s de uma estreita coopera\u00e7\u00e3o com outros departamentos &#8211; tais como produ\u00e7\u00e3o, regulamenta\u00e7\u00e3o, compras e marketing &#8211; e, por fim, inclui os nossos parceiros externos: clientes, distribuidores e fornecedores.<\/p>\n<p><strong>Como assegura, juntamente com a sua equipa, que o nome &#8216;Experts in Clean&#8217; se traduz efetivamente na pr\u00e1tica di\u00e1ria?<\/strong><\/p>\n<p>Apesar de as pessoas limparem e lavarem h\u00e1 milhares de anos, o campo dos detergentes est\u00e1 em constante evolu\u00e7\u00e3o. Para nos mantermos na vanguarda da inova\u00e7\u00e3o, trabalhamos em estreita colabora\u00e7\u00e3o com os nossos fornecedores para garantir que nos mantemos atualizados com os \u00faltimos avan\u00e7os t\u00e9cnicos. Os produtos da Christeyns s\u00e3o reconhecidos pela sua elevada qualidade, raz\u00e3o pela qual evitamos seguir tend\u00eancias que carecem de apoio cient\u00edfico ou de dados fi\u00e1veis.<\/p>\n<p><strong>E como \u00e9 que v\u00ea o nosso papel como \u201cPartners in Care\u201d? O que \u00e9 que essa mentalidade de cuidado significa na pr\u00e1tica do ponto de vista de I&amp;D?<\/strong><\/p>\n<p>Trabalhamos lado a lado com a nossa equipa de regulamenta\u00e7\u00e3o para garantir a total conformidade com toda a legisla\u00e7\u00e3o relevante. Ao mesmo tempo, os nossos laborat\u00f3rios locais de I&amp;D desempenham um papel vital no alinhamento com as necessidades do mercado local e na tradu\u00e7\u00e3o das inova\u00e7\u00f5es em solu\u00e7\u00f5es relevantes e espec\u00edficas para o mercado.<\/p>\n<p><strong>\u00c9 um forte defensor da harmoniza\u00e7\u00e3o das carteiras. Porque \u00e9 que isto \u00e9 t\u00e3o importante para a Higiene Profissional?<\/strong><\/p>\n<p>O mercado da higiene profissional caracteriza-se por uma vasta gama de aplica\u00e7\u00f5es, desde a higiene da cozinha e da lavandaria no local (OPL) at\u00e9 aos produtos cosm\u00e9ticos e muito mais. Para al\u00e9m desta diversidade, as prefer\u00eancias culturais &#8211; como as escolhas de fragr\u00e2ncias &#8211; aumentam ainda mais a necessidade de variedade de produtos dentro do segmento.<br \/>\nNo entanto, \u00e0 medida que os requisitos regulamentares se tornam cada vez mais rigorosos, \u00e9 essencial manter uma carteira de produtos que seja flex\u00edvel e adapt\u00e1vel \u00e0 mudan\u00e7a. S\u00f3 \u00e9 poss\u00edvel alcan\u00e7ar este objetivo atrav\u00e9s de uma gama de produtos racionalizada e harmonizada. Para al\u00e9m das vantagens regulamentares, essa harmoniza\u00e7\u00e3o tamb\u00e9m traz efici\u00eancias na produ\u00e7\u00e3o e na log\u00edstica.<\/p>\n<p><strong>Como est\u00e1 a abordar este processo de harmoniza\u00e7\u00e3o com a sua equipa?<\/strong><\/p>\n<p>Estamos a fazer a transi\u00e7\u00e3o de uma estrutura de I&amp;D centrada no pa\u00eds para uma rede global de especialistas em I&amp;D. Os desafios encontrados num pa\u00eds s\u00e3o frequentemente semelhantes aos enfrentados noutros pa\u00edses, o que nos permite aprender uns com os outros e, em alguns casos, aplicar solu\u00e7\u00f5es existentes apenas com pequenas adapta\u00e7\u00f5es. Este processo de harmoniza\u00e7\u00e3o promove uma colabora\u00e7\u00e3o mais estreita entre equipas e conduz a um maior alinhamento no desenvolvimento de formula\u00e7\u00f5es e at\u00e9 na sele\u00e7\u00e3o de mat\u00e9rias-primas.<\/p>\n<p><strong>Qual a import\u00e2ncia da sustentabilidade na vossa abordagem de I&amp;D atualmente?<\/strong><\/p>\n<p>A sustentabilidade est\u00e1 incorporada no ADN da Christeyns, e influencia tudo o que fazemos. Estamos continuamente \u00e0 procura de formas de reduzir a nossa pegada ecol\u00f3gica atrav\u00e9s da otimiza\u00e7\u00e3o dos processos internos. Por exemplo, atrav\u00e9s da instala\u00e7\u00e3o de pain\u00e9is solares, iniciativas de poupan\u00e7a de \u00e1gua, e programas de redu\u00e7\u00e3o de res\u00edduos.<br \/>\nUm grande exemplo de colabora\u00e7\u00e3o local na nossa sede em Ghent \u00e9 a utiliza\u00e7\u00e3o de \u00e1guas residuais purificadas de apartamentos pr\u00f3ximos no nosso processo de produ\u00e7\u00e3o, enquanto o excesso de calor da nossa f\u00e1brica \u00e9 redirecionado para aquecer esses mesmos apartamentos.<br \/>\nA Christeyns sempre foi pioneira no dom\u00ednio ecol\u00f3gico. H\u00e1 alguns anos, lan\u00e7\u00e1mos a linha de produtos Green&#8217;R: uma gama de alta qualidade, em conformidade com o r\u00f3tulo ecol\u00f3gico, que abrange todos os aspectos do processo de limpeza, desde o cuidado com os t\u00eaxteis e a manuten\u00e7\u00e3o dos pavimentos at\u00e9 \u00e0 higiene da cozinha. Inclui produtos superconcentrados concebidos para dilui\u00e7\u00e3o no local, reduzindo o transporte de \u00e1gua, e sistemas \u201cbag-in-box\u201d que minimizam a utiliza\u00e7\u00e3o de pl\u00e1stico.<br \/>\nNuma \u00e1rea completamente diferente, estamos tamb\u00e9m a repensar as bases qu\u00edmicas da limpeza. Os detergentes tradicionais dependem frequentemente de ingredientes de origem f\u00f3ssil com um elevado impacto ambiental. Estamos agora a explorar mat\u00e9rias-primas de base biol\u00f3gica com uma pegada ecol\u00f3gica mais baixa e a investigar como as enzimas podem ajudar a manter a limpeza de uma forma mais sustent\u00e1vel.<\/p>\n<p><strong>Qual \u00e9 o maior desafio &#8211; e a maior oportunidade &#8211; quando se trata de desenvolver solu\u00e7\u00f5es de limpeza mais sustent\u00e1veis?<\/strong><\/p>\n<p><img loading=\"lazy\" decoding=\"async\" class=\"alignnone size-medium wp-image-147028 alignleft\" src=\"https:\/\/www.christeyns.com\/wp-content\/uploads\/2025\/07\/STEVEN-DE-BACKER-300x201.jpg\" alt=\"R&amp;D Manager Professional Hygiene Steven De Backer\" width=\"300\" height=\"201\" srcset=\"https:\/\/www.christeyns.com\/wp-content\/uploads\/2025\/07\/STEVEN-DE-BACKER-300x201.jpg 300w, https:\/\/www.christeyns.com\/wp-content\/uploads\/2025\/07\/STEVEN-DE-BACKER-1024x685.jpg 1024w, https:\/\/www.christeyns.com\/wp-content\/uploads\/2025\/07\/STEVEN-DE-BACKER-768x514.jpg 768w, https:\/\/www.christeyns.com\/wp-content\/uploads\/2025\/07\/STEVEN-DE-BACKER-1536x1028.jpg 1536w, https:\/\/www.christeyns.com\/wp-content\/uploads\/2025\/07\/STEVEN-DE-BACKER-540x361.jpg 540w, https:\/\/www.christeyns.com\/wp-content\/uploads\/2025\/07\/STEVEN-DE-BACKER-960x643.jpg 960w, https:\/\/www.christeyns.com\/wp-content\/uploads\/2025\/07\/STEVEN-DE-BACKER-1170x783.jpg 1170w, https:\/\/www.christeyns.com\/wp-content\/uploads\/2025\/07\/STEVEN-DE-BACKER.jpg 1936w\" sizes=\"(max-width: 300px) 100vw, 300px\" \/>O que atualmente designamos por sustentabilidade h\u00e1 muito que faz parte do ADN da Christeyns. Muito antes de se tornar um foco generalizado na ind\u00fastria. Ainda n\u00e3o existe uma linguagem ou norma comum para comparar objetivamente o desempenho da sustentabilidade.<br \/>\nPor exemplo, um detergente de baixa qualidade com um elevado teor de \u00e1gua pode alegar uma baixa pegada de carbono por litro, mas n\u00e3o cumpre as normas de qualidade essenciais. Felizmente, as certifica\u00e7\u00f5es de r\u00f3tulo ecol\u00f3gico proporcionam uma refer\u00eancia mais fi\u00e1vel, uma vez que os produtos devem cumprir crit\u00e9rios ecol\u00f3gicos rigorosos e normalizados.<\/p>\n<p><strong>Pode partilhar um exemplo de uma inova\u00e7\u00e3o recente que contribua para os nossos objetivos de sustentabilidade?<\/strong><\/p>\n<p>Recentemente, lan\u00e7\u00e1mos o nosso sistema Rapid-O para Lavandarias no Local. Este dispositivo foi desenvolvido atrav\u00e9s de uma estreita colabora\u00e7\u00e3o entre as nossas equipas de Engenharia e I&amp;D da Christeyns. O sistema permite uma redu\u00e7\u00e3o das temperaturas de lavagem, resultando em poupan\u00e7as significativas de energia, ao mesmo tempo que garante roupa limpa e macia.<\/p>\n<p><strong>Como \u00e9 que a I&amp;D contribui para o crescimento operacional da nossa unidade de neg\u00f3cio em diferentes mercados?<\/strong><\/p>\n<p>Na Christeyns, as nossas equipas de I&amp;D est\u00e3o intimamente ligadas a todos os principais interessados, incluindo clientes (atrav\u00e9s das nossas equipas de vendas), produ\u00e7\u00e3o, controlo de qualidade e departamentos regulamentares. Os nossos fortes la\u00e7os com as equipas de vendas regionais tamb\u00e9m garantem que nos mantemos sintonizados com as tend\u00eancias emergentes do mercado e com a evolu\u00e7\u00e3o das necessidades dos clientes.<\/p>\n<p><strong>Quais s\u00e3o as principais prioridades de I&amp;D para garantir que estamos preparados para o futuro?<\/strong><\/p>\n<p>Com as crescentes exig\u00eancias regulamentares e de sustentabilidade, uma carteira de produtos simples e flex\u00edvel \u00e9 essencial para responder rapidamente a um ambiente em mudan\u00e7a. \u00c9 aqui que o projeto de harmoniza\u00e7\u00e3o desempenha um papel fundamental.<br \/>\nComo o nosso objetivo \u00e9 estar na vanguarda da sustentabilidade, monitorizamos de perto as novas mat\u00e9rias-primas de base biol\u00f3gica que entram no mercado. Algumas s\u00e3o id\u00eanticas \u00e0s mol\u00e9culas tradicionais de base f\u00f3ssil, exigindo uma reformula\u00e7\u00e3o m\u00ednima, enquanto outras trazem propriedades totalmente novas. Uma vez que os detergentes s\u00e3o misturas complexas, temos de aprender a combinar estes novos ingredientes em f\u00f3rmulas de elevado desempenho.<br \/>\nUm outro desafio \u00e9 o facto de estas alternativas terem frequentemente um custo mais elevado, enquanto os clientes continuam a esperar uma qualidade consistente e pre\u00e7os competitivos. Em termos organizacionais, as nossas equipas de I&amp;D devem manter-se \u00e1geis, evitar a duplica\u00e7\u00e3o de esfor\u00e7os e colaborar eficazmente al\u00e9m-fronteiras para responder a estes desafios em evolu\u00e7\u00e3o.<br \/>\nCom a mentalidade certa, uma forte colabora\u00e7\u00e3o e uma paix\u00e3o pelo progresso, estamos confiantes de que podemos transformar cada desafio numa oportunidade, para fornecer solu\u00e7\u00f5es ainda mais inteligentes e para cumprir verdadeiramente a nossa promessa: Experts in Clean. Parceiros no cuidado.<\/p>\n<p>&nbsp;<\/p>\n","protected":false},"excerpt":{"rendered":"<p>Ao apresentarmos a nossa nova linha de base &#8220;Experts in Clean. Partners in Care.&#8221;, sent\u00e1mo-nos com o nosso novo Diretor de I&amp;D de Higiene Profissional para discutir o que esta promessa significa do ponto de vista do produto e da inova\u00e7\u00e3o. Nesta entrevista, Steven De Backer partilha as suas primeiras impress\u00f5es sobre o nosso portf\u00f3lio, [&hellip;]<\/p>\n","protected":false},"author":37,"featured_media":147047,"comment_status":"closed","ping_status":"closed","sticky":false,"template":"","format":"standard","meta":{"_acf_changed":false,"content-type":"","footnotes":""},"categories":[17],"tags":[],"class_list":["post-147091","post","type-post","status-publish","format-standard","hentry","category-sem-categoria"],"acf":[],"yoast_head":"<!-- This site is optimized with the Yoast SEO plugin v26.9 - https:\/\/yoast.com\/product\/yoast-seo-wordpress\/ -->\n<title>Do laborat\u00f3rio para a vida: A ci\u00eancia por detr\u00e1s da Clean &amp; Care | Christeyns<\/title>\n<meta name=\"description\" content=\"Ao apresentarmos a nossa nova linha de base &quot;Experts in Clean. Partners in Care.&quot; sent\u00e1mo-nos com o nosso Diretor de I&amp;D de Higiene Profissional, Steven De Backer.\" \/>\n<meta name=\"robots\" content=\"index, follow, max-snippet:-1, max-image-preview:large, max-video-preview:-1\" \/>\n<link rel=\"canonical\" href=\"https:\/\/www.christeyns.com\/pt-pt\/do-laboratorio-para-a-vida-a-ciencia-por-detras-da-clean-care\/\" \/>\n<meta property=\"og:locale\" content=\"pt_PT\" \/>\n<meta property=\"og:type\" content=\"article\" \/>\n<meta property=\"og:title\" content=\"Do laborat\u00f3rio para a vida: A ci\u00eancia por detr\u00e1s da Clean &amp; Care | Christeyns\" \/>\n<meta property=\"og:description\" content=\"Ao apresentarmos a nossa nova linha de base &quot;Experts in Clean. Partners in Care.&quot; sent\u00e1mo-nos com o nosso Diretor de I&amp;D de Higiene Profissional, Steven De Backer.\" \/>\n<meta property=\"og:url\" content=\"https:\/\/www.christeyns.com\/pt-pt\/do-laboratorio-para-a-vida-a-ciencia-por-detras-da-clean-care\/\" \/>\n<meta property=\"og:site_name\" content=\"Christeyns\" \/>\n<meta property=\"article:published_time\" content=\"2025-07-08T09:39:45+00:00\" \/>\n<meta property=\"article:modified_time\" content=\"2025-07-16T09:07:35+00:00\" \/>\n<meta property=\"og:image\" content=\"https:\/\/www.christeyns.com\/wp-content\/uploads\/2025\/07\/IMG_0973_600x400.jpg\" \/>\n\t<meta property=\"og:image:width\" content=\"600\" \/>\n\t<meta property=\"og:image:height\" content=\"400\" \/>\n\t<meta property=\"og:image:type\" content=\"image\/jpeg\" \/>\n<meta name=\"author\" content=\"Carolina Esteves\" \/>\n<meta name=\"twitter:card\" content=\"summary_large_image\" \/>\n<meta name=\"twitter:label1\" content=\"Escrito por\" \/>\n\t<meta name=\"twitter:data1\" content=\"Carolina Esteves\" \/>\n\t<meta name=\"twitter:label2\" content=\"Tempo estimado de leitura\" \/>\n\t<meta name=\"twitter:data2\" content=\"7 minutos\" \/>\n<script type=\"application\/ld+json\" class=\"yoast-schema-graph\">{\"@context\":\"https:\/\/schema.org\",\"@graph\":[{\"@type\":\"Article\",\"@id\":\"https:\/\/www.christeyns.com\/pt-pt\/do-laboratorio-para-a-vida-a-ciencia-por-detras-da-clean-care\/#article\",\"isPartOf\":{\"@id\":\"https:\/\/www.christeyns.com\/pt-pt\/do-laboratorio-para-a-vida-a-ciencia-por-detras-da-clean-care\/\"},\"author\":{\"name\":\"Carolina Esteves\",\"@id\":\"https:\/\/www.christeyns.com\/pt-pt\/#\/schema\/person\/44e12d4ee09a97d1ee0378a7e132f0d4\"},\"headline\":\"Do laborat\u00f3rio para a vida: A ci\u00eancia por detr\u00e1s da Clean &amp; Care\",\"datePublished\":\"2025-07-08T09:39:45+00:00\",\"dateModified\":\"2025-07-16T09:07:35+00:00\",\"mainEntityOfPage\":{\"@id\":\"https:\/\/www.christeyns.com\/pt-pt\/do-laboratorio-para-a-vida-a-ciencia-por-detras-da-clean-care\/\"},\"wordCount\":1687,\"publisher\":{\"@id\":\"https:\/\/www.christeyns.com\/pt-pt\/#organization\"},\"image\":{\"@id\":\"https:\/\/www.christeyns.com\/pt-pt\/do-laboratorio-para-a-vida-a-ciencia-por-detras-da-clean-care\/#primaryimage\"},\"thumbnailUrl\":\"https:\/\/www.christeyns.com\/wp-content\/uploads\/2025\/07\/IMG_0973_600x400.jpg\",\"inLanguage\":\"pt-PT\"},{\"@type\":\"WebPage\",\"@id\":\"https:\/\/www.christeyns.com\/pt-pt\/do-laboratorio-para-a-vida-a-ciencia-por-detras-da-clean-care\/\",\"url\":\"https:\/\/www.christeyns.com\/pt-pt\/do-laboratorio-para-a-vida-a-ciencia-por-detras-da-clean-care\/\",\"name\":\"Do laborat\u00f3rio para a vida: A ci\u00eancia por detr\u00e1s da Clean &amp; Care | Christeyns\",\"isPartOf\":{\"@id\":\"https:\/\/www.christeyns.com\/pt-pt\/#website\"},\"primaryImageOfPage\":{\"@id\":\"https:\/\/www.christeyns.com\/pt-pt\/do-laboratorio-para-a-vida-a-ciencia-por-detras-da-clean-care\/#primaryimage\"},\"image\":{\"@id\":\"https:\/\/www.christeyns.com\/pt-pt\/do-laboratorio-para-a-vida-a-ciencia-por-detras-da-clean-care\/#primaryimage\"},\"thumbnailUrl\":\"https:\/\/www.christeyns.com\/wp-content\/uploads\/2025\/07\/IMG_0973_600x400.jpg\",\"datePublished\":\"2025-07-08T09:39:45+00:00\",\"dateModified\":\"2025-07-16T09:07:35+00:00\",\"description\":\"Ao apresentarmos a nossa nova linha de base \\\"Experts in Clean. Partners in Care.\\\" sent\u00e1mo-nos com o nosso Diretor de I&D de Higiene Profissional, Steven De Backer.\",\"breadcrumb\":{\"@id\":\"https:\/\/www.christeyns.com\/pt-pt\/do-laboratorio-para-a-vida-a-ciencia-por-detras-da-clean-care\/#breadcrumb\"},\"inLanguage\":\"pt-PT\",\"potentialAction\":[{\"@type\":\"ReadAction\",\"target\":[\"https:\/\/www.christeyns.com\/pt-pt\/do-laboratorio-para-a-vida-a-ciencia-por-detras-da-clean-care\/\"]}]},{\"@type\":\"ImageObject\",\"inLanguage\":\"pt-PT\",\"@id\":\"https:\/\/www.christeyns.com\/pt-pt\/do-laboratorio-para-a-vida-a-ciencia-por-detras-da-clean-care\/#primaryimage\",\"url\":\"https:\/\/www.christeyns.com\/wp-content\/uploads\/2025\/07\/IMG_0973_600x400.jpg\",\"contentUrl\":\"https:\/\/www.christeyns.com\/wp-content\/uploads\/2025\/07\/IMG_0973_600x400.jpg\",\"width\":600,\"height\":400,\"caption\":\"Interview with R&D Manager Professional Hygiene Steven De Backer\"},{\"@type\":\"BreadcrumbList\",\"@id\":\"https:\/\/www.christeyns.com\/pt-pt\/do-laboratorio-para-a-vida-a-ciencia-por-detras-da-clean-care\/#breadcrumb\",\"itemListElement\":[{\"@type\":\"ListItem\",\"position\":1,\"name\":\"Home\",\"item\":\"https:\/\/www.christeyns.com\/pt-pt\/\"},{\"@type\":\"ListItem\",\"position\":2,\"name\":\"Do laborat\u00f3rio para a vida: A ci\u00eancia por detr\u00e1s da Clean &amp; Care\"}]},{\"@type\":\"WebSite\",\"@id\":\"https:\/\/www.christeyns.com\/pt-pt\/#website\",\"url\":\"https:\/\/www.christeyns.com\/pt-pt\/\",\"name\":\"Christeyns\",\"description\":\"Christeyns - Striving for a cleaner future\",\"publisher\":{\"@id\":\"https:\/\/www.christeyns.com\/pt-pt\/#organization\"},\"inLanguage\":\"pt-PT\"},{\"@type\":\"Organization\",\"@id\":\"https:\/\/www.christeyns.com\/pt-pt\/#organization\",\"name\":\"Christeyns\",\"url\":\"https:\/\/www.christeyns.com\/pt-pt\/\",\"logo\":{\"@type\":\"ImageObject\",\"inLanguage\":\"pt-PT\",\"@id\":\"https:\/\/www.christeyns.com\/pt-pt\/#\/schema\/logo\/image\/\",\"url\":\"https:\/\/www.christeyns.com\/wp-content\/uploads\/2021\/06\/logo.png\",\"contentUrl\":\"https:\/\/www.christeyns.com\/wp-content\/uploads\/2021\/06\/logo.png\",\"width\":262,\"height\":40,\"caption\":\"Christeyns\"},\"image\":{\"@id\":\"https:\/\/www.christeyns.com\/pt-pt\/#\/schema\/logo\/image\/\"},\"sameAs\":[\"https:\/\/www.linkedin.com\/company\/christeyns\",\"https:\/\/www.youtube.com\/c\/christeynshq\"]},{\"@type\":\"Person\",\"@id\":\"https:\/\/www.christeyns.com\/pt-pt\/#\/schema\/person\/44e12d4ee09a97d1ee0378a7e132f0d4\",\"name\":\"Carolina Esteves\"}]}<\/script>\n<!-- \/ Yoast SEO plugin. -->","yoast_head_json":{"title":"Do laborat\u00f3rio para a vida: A ci\u00eancia por detr\u00e1s da Clean &amp; Care | Christeyns","description":"Ao apresentarmos a nossa nova linha de base \"Experts in Clean. Partners in Care.\" sent\u00e1mo-nos com o nosso Diretor de I&D de Higiene Profissional, Steven De Backer.","robots":{"index":"index","follow":"follow","max-snippet":"max-snippet:-1","max-image-preview":"max-image-preview:large","max-video-preview":"max-video-preview:-1"},"canonical":"https:\/\/www.christeyns.com\/pt-pt\/do-laboratorio-para-a-vida-a-ciencia-por-detras-da-clean-care\/","og_locale":"pt_PT","og_type":"article","og_title":"Do laborat\u00f3rio para a vida: A ci\u00eancia por detr\u00e1s da Clean &amp; Care | Christeyns","og_description":"Ao apresentarmos a nossa nova linha de base \"Experts in Clean. Partners in Care.\" sent\u00e1mo-nos com o nosso Diretor de I&D de Higiene Profissional, Steven De Backer.","og_url":"https:\/\/www.christeyns.com\/pt-pt\/do-laboratorio-para-a-vida-a-ciencia-por-detras-da-clean-care\/","og_site_name":"Christeyns","article_published_time":"2025-07-08T09:39:45+00:00","article_modified_time":"2025-07-16T09:07:35+00:00","og_image":[{"width":600,"height":400,"url":"https:\/\/www.christeyns.com\/wp-content\/uploads\/2025\/07\/IMG_0973_600x400.jpg","type":"image\/jpeg"}],"author":"Carolina Esteves","twitter_card":"summary_large_image","twitter_misc":{"Escrito por":"Carolina Esteves","Tempo estimado de leitura":"7 minutos"},"schema":{"@context":"https:\/\/schema.org","@graph":[{"@type":"Article","@id":"https:\/\/www.christeyns.com\/pt-pt\/do-laboratorio-para-a-vida-a-ciencia-por-detras-da-clean-care\/#article","isPartOf":{"@id":"https:\/\/www.christeyns.com\/pt-pt\/do-laboratorio-para-a-vida-a-ciencia-por-detras-da-clean-care\/"},"author":{"name":"Carolina Esteves","@id":"https:\/\/www.christeyns.com\/pt-pt\/#\/schema\/person\/44e12d4ee09a97d1ee0378a7e132f0d4"},"headline":"Do laborat\u00f3rio para a vida: A ci\u00eancia por detr\u00e1s da Clean &amp; Care","datePublished":"2025-07-08T09:39:45+00:00","dateModified":"2025-07-16T09:07:35+00:00","mainEntityOfPage":{"@id":"https:\/\/www.christeyns.com\/pt-pt\/do-laboratorio-para-a-vida-a-ciencia-por-detras-da-clean-care\/"},"wordCount":1687,"publisher":{"@id":"https:\/\/www.christeyns.com\/pt-pt\/#organization"},"image":{"@id":"https:\/\/www.christeyns.com\/pt-pt\/do-laboratorio-para-a-vida-a-ciencia-por-detras-da-clean-care\/#primaryimage"},"thumbnailUrl":"https:\/\/www.christeyns.com\/wp-content\/uploads\/2025\/07\/IMG_0973_600x400.jpg","inLanguage":"pt-PT"},{"@type":"WebPage","@id":"https:\/\/www.christeyns.com\/pt-pt\/do-laboratorio-para-a-vida-a-ciencia-por-detras-da-clean-care\/","url":"https:\/\/www.christeyns.com\/pt-pt\/do-laboratorio-para-a-vida-a-ciencia-por-detras-da-clean-care\/","name":"Do laborat\u00f3rio para a vida: A ci\u00eancia por detr\u00e1s da Clean &amp; Care | Christeyns","isPartOf":{"@id":"https:\/\/www.christeyns.com\/pt-pt\/#website"},"primaryImageOfPage":{"@id":"https:\/\/www.christeyns.com\/pt-pt\/do-laboratorio-para-a-vida-a-ciencia-por-detras-da-clean-care\/#primaryimage"},"image":{"@id":"https:\/\/www.christeyns.com\/pt-pt\/do-laboratorio-para-a-vida-a-ciencia-por-detras-da-clean-care\/#primaryimage"},"thumbnailUrl":"https:\/\/www.christeyns.com\/wp-content\/uploads\/2025\/07\/IMG_0973_600x400.jpg","datePublished":"2025-07-08T09:39:45+00:00","dateModified":"2025-07-16T09:07:35+00:00","description":"Ao apresentarmos a nossa nova linha de base \"Experts in Clean. Partners in Care.\" sent\u00e1mo-nos com o nosso Diretor de I&D de Higiene Profissional, Steven De Backer.","breadcrumb":{"@id":"https:\/\/www.christeyns.com\/pt-pt\/do-laboratorio-para-a-vida-a-ciencia-por-detras-da-clean-care\/#breadcrumb"},"inLanguage":"pt-PT","potentialAction":[{"@type":"ReadAction","target":["https:\/\/www.christeyns.com\/pt-pt\/do-laboratorio-para-a-vida-a-ciencia-por-detras-da-clean-care\/"]}]},{"@type":"ImageObject","inLanguage":"pt-PT","@id":"https:\/\/www.christeyns.com\/pt-pt\/do-laboratorio-para-a-vida-a-ciencia-por-detras-da-clean-care\/#primaryimage","url":"https:\/\/www.christeyns.com\/wp-content\/uploads\/2025\/07\/IMG_0973_600x400.jpg","contentUrl":"https:\/\/www.christeyns.com\/wp-content\/uploads\/2025\/07\/IMG_0973_600x400.jpg","width":600,"height":400,"caption":"Interview with R&D Manager Professional Hygiene Steven De Backer"},{"@type":"BreadcrumbList","@id":"https:\/\/www.christeyns.com\/pt-pt\/do-laboratorio-para-a-vida-a-ciencia-por-detras-da-clean-care\/#breadcrumb","itemListElement":[{"@type":"ListItem","position":1,"name":"Home","item":"https:\/\/www.christeyns.com\/pt-pt\/"},{"@type":"ListItem","position":2,"name":"Do laborat\u00f3rio para a vida: A ci\u00eancia por detr\u00e1s da Clean &amp; Care"}]},{"@type":"WebSite","@id":"https:\/\/www.christeyns.com\/pt-pt\/#website","url":"https:\/\/www.christeyns.com\/pt-pt\/","name":"Christeyns","description":"Christeyns - Striving for a cleaner future","publisher":{"@id":"https:\/\/www.christeyns.com\/pt-pt\/#organization"},"inLanguage":"pt-PT"},{"@type":"Organization","@id":"https:\/\/www.christeyns.com\/pt-pt\/#organization","name":"Christeyns","url":"https:\/\/www.christeyns.com\/pt-pt\/","logo":{"@type":"ImageObject","inLanguage":"pt-PT","@id":"https:\/\/www.christeyns.com\/pt-pt\/#\/schema\/logo\/image\/","url":"https:\/\/www.christeyns.com\/wp-content\/uploads\/2021\/06\/logo.png","contentUrl":"https:\/\/www.christeyns.com\/wp-content\/uploads\/2021\/06\/logo.png","width":262,"height":40,"caption":"Christeyns"},"image":{"@id":"https:\/\/www.christeyns.com\/pt-pt\/#\/schema\/logo\/image\/"},"sameAs":["https:\/\/www.linkedin.com\/company\/christeyns","https:\/\/www.youtube.com\/c\/christeynshq"]},{"@type":"Person","@id":"https:\/\/www.christeyns.com\/pt-pt\/#\/schema\/person\/44e12d4ee09a97d1ee0378a7e132f0d4","name":"Carolina Esteves"}]}},"_links":{"self":[{"href":"https:\/\/www.christeyns.com\/pt-pt\/wp-json\/wp\/v2\/posts\/147091","targetHints":{"allow":["GET"]}}],"collection":[{"href":"https:\/\/www.christeyns.com\/pt-pt\/wp-json\/wp\/v2\/posts"}],"about":[{"href":"https:\/\/www.christeyns.com\/pt-pt\/wp-json\/wp\/v2\/types\/post"}],"author":[{"embeddable":true,"href":"https:\/\/www.christeyns.com\/pt-pt\/wp-json\/wp\/v2\/users\/37"}],"replies":[{"embeddable":true,"href":"https:\/\/www.christeyns.com\/pt-pt\/wp-json\/wp\/v2\/comments?post=147091"}],"version-history":[{"count":4,"href":"https:\/\/www.christeyns.com\/pt-pt\/wp-json\/wp\/v2\/posts\/147091\/revisions"}],"predecessor-version":[{"id":147793,"href":"https:\/\/www.christeyns.com\/pt-pt\/wp-json\/wp\/v2\/posts\/147091\/revisions\/147793"}],"wp:featuredmedia":[{"embeddable":true,"href":"https:\/\/www.christeyns.com\/pt-pt\/wp-json\/wp\/v2\/media\/147047"}],"wp:attachment":[{"href":"https:\/\/www.christeyns.com\/pt-pt\/wp-json\/wp\/v2\/media?parent=147091"}],"wp:term":[{"taxonomy":"category","embeddable":true,"href":"https:\/\/www.christeyns.com\/pt-pt\/wp-json\/wp\/v2\/categories?post=147091"},{"taxonomy":"post_tag","embeddable":true,"href":"https:\/\/www.christeyns.com\/pt-pt\/wp-json\/wp\/v2\/tags?post=147091"}],"curies":[{"name":"wp","href":"https:\/\/api.w.org\/{rel}","templated":true}]}}