{"id":129739,"date":"2025-02-20T14:16:12","date_gmt":"2025-02-20T14:16:12","guid":{"rendered":"https:\/\/www.christeyns.com\/recycling-a-vital-practice-for-the-sustainability-of-our-planet\/"},"modified":"2025-03-12T15:11:44","modified_gmt":"2025-03-12T15:11:44","slug":"reciclagem-uma-pratica-vital-para-a-sustentabilidade-do-nosso-planeta","status":"publish","type":"post","link":"https:\/\/www.christeyns.com\/pt-pt\/reciclagem-uma-pratica-vital-para-a-sustentabilidade-do-nosso-planeta\/","title":{"rendered":"Reciclagem &#8211; Uma pr\u00e1tica vital para a sustentabilidade do nosso planeta"},"content":{"rendered":"<p>A reciclagem \u00e9 uma pr\u00e1tica vital para a sustentabilidade do nosso planeta. Ajuda a preservar os recursos naturais, a reduzir os res\u00edduos e a minimizar o impacto ambiental do nosso consumo. A reciclagem n\u00e3o s\u00f3 minimiza a necessidade de mat\u00e9rias-primas, como tamb\u00e9m reduz as emiss\u00f5es de gases com efeito de estufa e a quantidade de res\u00edduos que acabam nos aterros e nos oceanos. Isto n\u00e3o s\u00f3 ajuda a preservar os sistemas ecol\u00f3gicos e a vida selvagem, como tamb\u00e9m, promove um ambiente mais saud\u00e1vel para as gera\u00e7\u00f5es atuais e futuras.<\/p>\n<p>Na Christeyns, estamos empenhados em melhorar continuamente os nossos esfor\u00e7os de reciclagem e integrar pr\u00e1ticas sustent\u00e1veis nas nossas opera\u00e7\u00f5es como uma empresa respons\u00e1vel. Devido \u00e0 natureza da nossa ind\u00fastria, a reciclagem tem sido uma jornada dif\u00edcil, uma vez que tamb\u00e9m temos de garantir a seguran\u00e7a dos nossos produtos e pessoas. No entanto, \u00e9 um trabalho em curso, que requer criatividade e persist\u00eancia.<\/p>\n<p>A nossa abordagem \u00e0 reciclagem centra-se em<a href=\"https:\/\/www.christeyns.com\/pt-pt\/reducao-de-residuos-um-apelo-a-acao-para-um-modo-de-vida-mais-sustentavel\/\"> 3 estrat\u00e9gias principais<\/a>: (1) evitar completamente as embalagens atrav\u00e9s da compra e venda a granel, mas tamb\u00e9m atrav\u00e9s de novas t\u00e9cnicas de lavagem (menos material para enviar); (2) reutilizar o material de embalagem; e (3) utilizar material de embalagem (parcialmente) reciclado.<\/p>\n<div id=\"attachment_129489\" style=\"width: 402px\" class=\"wp-caption aligncenter\"><img loading=\"lazy\" decoding=\"async\" aria-describedby=\"caption-attachment-129489\" class=\"wp-image-129489\" title=\"The waste hierarchy\" src=\"https:\/\/www.christeyns.com\/wp-content\/uploads\/2025\/02\/Waste_Hierarchy_graph-2-300x195.png\" alt=\"The waste hierarchy\" width=\"392\" height=\"255\" srcset=\"https:\/\/www.christeyns.com\/wp-content\/uploads\/2025\/02\/Waste_Hierarchy_graph-2-300x195.png 300w, https:\/\/www.christeyns.com\/wp-content\/uploads\/2025\/02\/Waste_Hierarchy_graph-2-1024x666.png 1024w, https:\/\/www.christeyns.com\/wp-content\/uploads\/2025\/02\/Waste_Hierarchy_graph-2-768x499.png 768w, https:\/\/www.christeyns.com\/wp-content\/uploads\/2025\/02\/Waste_Hierarchy_graph-2-1536x999.png 1536w, https:\/\/www.christeyns.com\/wp-content\/uploads\/2025\/02\/Waste_Hierarchy_graph-2-540x351.png 540w, https:\/\/www.christeyns.com\/wp-content\/uploads\/2025\/02\/Waste_Hierarchy_graph-2-960x624.png 960w, https:\/\/www.christeyns.com\/wp-content\/uploads\/2025\/02\/Waste_Hierarchy_graph-2-1170x761.png 1170w, https:\/\/www.christeyns.com\/wp-content\/uploads\/2025\/02\/Waste_Hierarchy_graph-2.png 1972w\" sizes=\"(max-width: 392px) 100vw, 392px\" \/><p id=\"caption-attachment-129489\" class=\"wp-caption-text\">Hierarquia de res\u00edduos da Christeyns<\/p><\/div>\n<p>&nbsp;<\/p>\n<p>Uma das nossas principais realiza\u00e7\u00f5es \u00e9 o facto de 44% da nossa produ\u00e7\u00e3o total sair das nossas instala\u00e7\u00f5es em embalagens a granel (sem embalagem), reutilizadas ou (parcialmente) recicladas. Medir \u00e9 conhecer. Saber em que ponto estamos em 2024 permite-nos us\u00e1-lo como ponto de refer\u00eancia e acompanhar o nosso progresso no futuro, no nosso compromisso de reduzir os res\u00edduos e promover a economia circular.<\/p>\n<p>Na Christeyns, orgulhamo-nos de ter a melhoria cont\u00ednua como um valor fundamental. Isto significa que n\u00e3o descansamos sobre os nossos louros e estamos sempre \u00e0 procura de melhorar e otimizar as nossas opera\u00e7\u00f5es. O caminho est\u00e1 \u00e0 nossa frente e n\u00f3s arrega\u00e7amos as mangas e continuamos a trabalhar.<\/p>\n","protected":false},"excerpt":{"rendered":"<p>A reciclagem \u00e9 uma pr\u00e1tica vital para a sustentabilidade do nosso planeta. Ajuda a preservar os recursos naturais, a reduzir os res\u00edduos e a minimizar o impacto ambiental do nosso consumo. A reciclagem n\u00e3o s\u00f3 minimiza a necessidade de mat\u00e9rias-primas, como tamb\u00e9m reduz as emiss\u00f5es de gases com efeito de estufa e a quantidade de [&hellip;]<\/p>\n","protected":false},"author":39,"featured_media":129457,"comment_status":"closed","ping_status":"closed","sticky":false,"template":"","format":"standard","meta":{"_acf_changed":false,"content-type":"","footnotes":""},"categories":[2942],"tags":[3084,2095],"class_list":["post-129739","post","type-post","status-publish","format-standard","hentry","category-sustainability-pt-pt","tag-recycling-pt-pt","tag-sustainability-pt-pt"],"acf":[],"yoast_head":"<!-- This site is optimized with the Yoast SEO plugin v26.9 - https:\/\/yoast.com\/product\/yoast-seo-wordpress\/ -->\n<title>Reciclagem - Uma pr\u00e1tica vital para a sustentabilidade<\/title>\n<meta name=\"description\" content=\"A reciclagem \u00e9 uma pr\u00e1tica vital para a sustentabilidade do nosso planeta, uma vez que ajuda a preservar os recursos.\" \/>\n<meta name=\"robots\" content=\"index, follow, max-snippet:-1, max-image-preview:large, max-video-preview:-1\" \/>\n<link rel=\"canonical\" href=\"https:\/\/www.christeyns.com\/pt-pt\/reciclagem-uma-pratica-vital-para-a-sustentabilidade-do-nosso-planeta\/\" \/>\n<meta property=\"og:locale\" content=\"pt_PT\" \/>\n<meta property=\"og:type\" content=\"article\" \/>\n<meta property=\"og:title\" content=\"Reciclagem - Uma pr\u00e1tica vital para a sustentabilidade\" \/>\n<meta property=\"og:description\" content=\"A reciclagem \u00e9 uma pr\u00e1tica vital para a sustentabilidade do nosso planeta, uma vez que ajuda a preservar os recursos.\" \/>\n<meta property=\"og:url\" content=\"https:\/\/www.christeyns.com\/pt-pt\/reciclagem-uma-pratica-vital-para-a-sustentabilidade-do-nosso-planeta\/\" \/>\n<meta property=\"og:site_name\" content=\"Christeyns\" \/>\n<meta property=\"article:published_time\" content=\"2025-02-20T14:16:12+00:00\" \/>\n<meta property=\"article:modified_time\" content=\"2025-03-12T15:11:44+00:00\" \/>\n<meta property=\"og:image\" content=\"https:\/\/www.christeyns.com\/wp-content\/uploads\/2025\/02\/2147825486.jpg\" \/>\n\t<meta property=\"og:image:width\" content=\"1500\" \/>\n\t<meta property=\"og:image:height\" content=\"1134\" \/>\n\t<meta property=\"og:image:type\" content=\"image\/jpeg\" \/>\n<meta name=\"author\" content=\"Monica Correia\" \/>\n<meta name=\"twitter:card\" content=\"summary_large_image\" \/>\n<meta name=\"twitter:label1\" content=\"Escrito por\" \/>\n\t<meta name=\"twitter:data1\" content=\"Monica Correia\" \/>\n\t<meta name=\"twitter:label2\" content=\"Tempo estimado de leitura\" \/>\n\t<meta name=\"twitter:data2\" content=\"2 minutos\" \/>\n<script type=\"application\/ld+json\" class=\"yoast-schema-graph\">{\"@context\":\"https:\/\/schema.org\",\"@graph\":[{\"@type\":\"Article\",\"@id\":\"https:\/\/www.christeyns.com\/pt-pt\/reciclagem-uma-pratica-vital-para-a-sustentabilidade-do-nosso-planeta\/#article\",\"isPartOf\":{\"@id\":\"https:\/\/www.christeyns.com\/pt-pt\/reciclagem-uma-pratica-vital-para-a-sustentabilidade-do-nosso-planeta\/\"},\"author\":{\"name\":\"Monica Correia\",\"@id\":\"https:\/\/www.christeyns.com\/pt-pt\/#\/schema\/person\/c8e8e6f50c4e8ea1205501a03f4b4363\"},\"headline\":\"Reciclagem &#8211; Uma pr\u00e1tica vital para a sustentabilidade do nosso planeta\",\"datePublished\":\"2025-02-20T14:16:12+00:00\",\"dateModified\":\"2025-03-12T15:11:44+00:00\",\"mainEntityOfPage\":{\"@id\":\"https:\/\/www.christeyns.com\/pt-pt\/reciclagem-uma-pratica-vital-para-a-sustentabilidade-do-nosso-planeta\/\"},\"wordCount\":360,\"publisher\":{\"@id\":\"https:\/\/www.christeyns.com\/pt-pt\/#organization\"},\"image\":{\"@id\":\"https:\/\/www.christeyns.com\/pt-pt\/reciclagem-uma-pratica-vital-para-a-sustentabilidade-do-nosso-planeta\/#primaryimage\"},\"thumbnailUrl\":\"https:\/\/www.christeyns.com\/wp-content\/uploads\/2025\/02\/2147825486.jpg\",\"keywords\":[\"recycling\",\"sustainability\"],\"articleSection\":[\"Sustainability\"],\"inLanguage\":\"pt-PT\"},{\"@type\":\"WebPage\",\"@id\":\"https:\/\/www.christeyns.com\/pt-pt\/reciclagem-uma-pratica-vital-para-a-sustentabilidade-do-nosso-planeta\/\",\"url\":\"https:\/\/www.christeyns.com\/pt-pt\/reciclagem-uma-pratica-vital-para-a-sustentabilidade-do-nosso-planeta\/\",\"name\":\"Reciclagem - Uma pr\u00e1tica vital para a sustentabilidade\",\"isPartOf\":{\"@id\":\"https:\/\/www.christeyns.com\/pt-pt\/#website\"},\"primaryImageOfPage\":{\"@id\":\"https:\/\/www.christeyns.com\/pt-pt\/reciclagem-uma-pratica-vital-para-a-sustentabilidade-do-nosso-planeta\/#primaryimage\"},\"image\":{\"@id\":\"https:\/\/www.christeyns.com\/pt-pt\/reciclagem-uma-pratica-vital-para-a-sustentabilidade-do-nosso-planeta\/#primaryimage\"},\"thumbnailUrl\":\"https:\/\/www.christeyns.com\/wp-content\/uploads\/2025\/02\/2147825486.jpg\",\"datePublished\":\"2025-02-20T14:16:12+00:00\",\"dateModified\":\"2025-03-12T15:11:44+00:00\",\"description\":\"A reciclagem \u00e9 uma pr\u00e1tica vital para a sustentabilidade do nosso planeta, uma vez que ajuda a preservar os recursos.\",\"breadcrumb\":{\"@id\":\"https:\/\/www.christeyns.com\/pt-pt\/reciclagem-uma-pratica-vital-para-a-sustentabilidade-do-nosso-planeta\/#breadcrumb\"},\"inLanguage\":\"pt-PT\",\"potentialAction\":[{\"@type\":\"ReadAction\",\"target\":[\"https:\/\/www.christeyns.com\/pt-pt\/reciclagem-uma-pratica-vital-para-a-sustentabilidade-do-nosso-planeta\/\"]}]},{\"@type\":\"ImageObject\",\"inLanguage\":\"pt-PT\",\"@id\":\"https:\/\/www.christeyns.com\/pt-pt\/reciclagem-uma-pratica-vital-para-a-sustentabilidade-do-nosso-planeta\/#primaryimage\",\"url\":\"https:\/\/www.christeyns.com\/wp-content\/uploads\/2025\/02\/2147825486.jpg\",\"contentUrl\":\"https:\/\/www.christeyns.com\/wp-content\/uploads\/2025\/02\/2147825486.jpg\",\"width\":1500,\"height\":1134,\"caption\":\"World Recycling Day\"},{\"@type\":\"BreadcrumbList\",\"@id\":\"https:\/\/www.christeyns.com\/pt-pt\/reciclagem-uma-pratica-vital-para-a-sustentabilidade-do-nosso-planeta\/#breadcrumb\",\"itemListElement\":[{\"@type\":\"ListItem\",\"position\":1,\"name\":\"Home\",\"item\":\"https:\/\/www.christeyns.com\/pt-pt\/\"},{\"@type\":\"ListItem\",\"position\":2,\"name\":\"Reciclagem &#8211; Uma pr\u00e1tica vital para a sustentabilidade do nosso planeta\"}]},{\"@type\":\"WebSite\",\"@id\":\"https:\/\/www.christeyns.com\/pt-pt\/#website\",\"url\":\"https:\/\/www.christeyns.com\/pt-pt\/\",\"name\":\"Christeyns\",\"description\":\"Christeyns - Striving for a cleaner future\",\"publisher\":{\"@id\":\"https:\/\/www.christeyns.com\/pt-pt\/#organization\"},\"inLanguage\":\"pt-PT\"},{\"@type\":\"Organization\",\"@id\":\"https:\/\/www.christeyns.com\/pt-pt\/#organization\",\"name\":\"Christeyns\",\"url\":\"https:\/\/www.christeyns.com\/pt-pt\/\",\"logo\":{\"@type\":\"ImageObject\",\"inLanguage\":\"pt-PT\",\"@id\":\"https:\/\/www.christeyns.com\/pt-pt\/#\/schema\/logo\/image\/\",\"url\":\"https:\/\/www.christeyns.com\/wp-content\/uploads\/2021\/06\/logo.png\",\"contentUrl\":\"https:\/\/www.christeyns.com\/wp-content\/uploads\/2021\/06\/logo.png\",\"width\":262,\"height\":40,\"caption\":\"Christeyns\"},\"image\":{\"@id\":\"https:\/\/www.christeyns.com\/pt-pt\/#\/schema\/logo\/image\/\"},\"sameAs\":[\"https:\/\/www.linkedin.com\/company\/christeyns\",\"https:\/\/www.youtube.com\/c\/christeynshq\"]},{\"@type\":\"Person\",\"@id\":\"https:\/\/www.christeyns.com\/pt-pt\/#\/schema\/person\/c8e8e6f50c4e8ea1205501a03f4b4363\",\"name\":\"Monica Correia\"}]}<\/script>\n<!-- \/ Yoast SEO plugin. -->","yoast_head_json":{"title":"Reciclagem - Uma pr\u00e1tica vital para a sustentabilidade","description":"A reciclagem \u00e9 uma pr\u00e1tica vital para a sustentabilidade do nosso planeta, uma vez que ajuda a preservar os recursos.","robots":{"index":"index","follow":"follow","max-snippet":"max-snippet:-1","max-image-preview":"max-image-preview:large","max-video-preview":"max-video-preview:-1"},"canonical":"https:\/\/www.christeyns.com\/pt-pt\/reciclagem-uma-pratica-vital-para-a-sustentabilidade-do-nosso-planeta\/","og_locale":"pt_PT","og_type":"article","og_title":"Reciclagem - Uma pr\u00e1tica vital para a sustentabilidade","og_description":"A reciclagem \u00e9 uma pr\u00e1tica vital para a sustentabilidade do nosso planeta, uma vez que ajuda a preservar os recursos.","og_url":"https:\/\/www.christeyns.com\/pt-pt\/reciclagem-uma-pratica-vital-para-a-sustentabilidade-do-nosso-planeta\/","og_site_name":"Christeyns","article_published_time":"2025-02-20T14:16:12+00:00","article_modified_time":"2025-03-12T15:11:44+00:00","og_image":[{"width":1500,"height":1134,"url":"https:\/\/www.christeyns.com\/wp-content\/uploads\/2025\/02\/2147825486.jpg","type":"image\/jpeg"}],"author":"Monica Correia","twitter_card":"summary_large_image","twitter_misc":{"Escrito por":"Monica Correia","Tempo estimado de leitura":"2 minutos"},"schema":{"@context":"https:\/\/schema.org","@graph":[{"@type":"Article","@id":"https:\/\/www.christeyns.com\/pt-pt\/reciclagem-uma-pratica-vital-para-a-sustentabilidade-do-nosso-planeta\/#article","isPartOf":{"@id":"https:\/\/www.christeyns.com\/pt-pt\/reciclagem-uma-pratica-vital-para-a-sustentabilidade-do-nosso-planeta\/"},"author":{"name":"Monica Correia","@id":"https:\/\/www.christeyns.com\/pt-pt\/#\/schema\/person\/c8e8e6f50c4e8ea1205501a03f4b4363"},"headline":"Reciclagem &#8211; Uma pr\u00e1tica vital para a sustentabilidade do nosso planeta","datePublished":"2025-02-20T14:16:12+00:00","dateModified":"2025-03-12T15:11:44+00:00","mainEntityOfPage":{"@id":"https:\/\/www.christeyns.com\/pt-pt\/reciclagem-uma-pratica-vital-para-a-sustentabilidade-do-nosso-planeta\/"},"wordCount":360,"publisher":{"@id":"https:\/\/www.christeyns.com\/pt-pt\/#organization"},"image":{"@id":"https:\/\/www.christeyns.com\/pt-pt\/reciclagem-uma-pratica-vital-para-a-sustentabilidade-do-nosso-planeta\/#primaryimage"},"thumbnailUrl":"https:\/\/www.christeyns.com\/wp-content\/uploads\/2025\/02\/2147825486.jpg","keywords":["recycling","sustainability"],"articleSection":["Sustainability"],"inLanguage":"pt-PT"},{"@type":"WebPage","@id":"https:\/\/www.christeyns.com\/pt-pt\/reciclagem-uma-pratica-vital-para-a-sustentabilidade-do-nosso-planeta\/","url":"https:\/\/www.christeyns.com\/pt-pt\/reciclagem-uma-pratica-vital-para-a-sustentabilidade-do-nosso-planeta\/","name":"Reciclagem - Uma pr\u00e1tica vital para a sustentabilidade","isPartOf":{"@id":"https:\/\/www.christeyns.com\/pt-pt\/#website"},"primaryImageOfPage":{"@id":"https:\/\/www.christeyns.com\/pt-pt\/reciclagem-uma-pratica-vital-para-a-sustentabilidade-do-nosso-planeta\/#primaryimage"},"image":{"@id":"https:\/\/www.christeyns.com\/pt-pt\/reciclagem-uma-pratica-vital-para-a-sustentabilidade-do-nosso-planeta\/#primaryimage"},"thumbnailUrl":"https:\/\/www.christeyns.com\/wp-content\/uploads\/2025\/02\/2147825486.jpg","datePublished":"2025-02-20T14:16:12+00:00","dateModified":"2025-03-12T15:11:44+00:00","description":"A reciclagem \u00e9 uma pr\u00e1tica vital para a sustentabilidade do nosso planeta, uma vez que ajuda a preservar os recursos.","breadcrumb":{"@id":"https:\/\/www.christeyns.com\/pt-pt\/reciclagem-uma-pratica-vital-para-a-sustentabilidade-do-nosso-planeta\/#breadcrumb"},"inLanguage":"pt-PT","potentialAction":[{"@type":"ReadAction","target":["https:\/\/www.christeyns.com\/pt-pt\/reciclagem-uma-pratica-vital-para-a-sustentabilidade-do-nosso-planeta\/"]}]},{"@type":"ImageObject","inLanguage":"pt-PT","@id":"https:\/\/www.christeyns.com\/pt-pt\/reciclagem-uma-pratica-vital-para-a-sustentabilidade-do-nosso-planeta\/#primaryimage","url":"https:\/\/www.christeyns.com\/wp-content\/uploads\/2025\/02\/2147825486.jpg","contentUrl":"https:\/\/www.christeyns.com\/wp-content\/uploads\/2025\/02\/2147825486.jpg","width":1500,"height":1134,"caption":"World Recycling Day"},{"@type":"BreadcrumbList","@id":"https:\/\/www.christeyns.com\/pt-pt\/reciclagem-uma-pratica-vital-para-a-sustentabilidade-do-nosso-planeta\/#breadcrumb","itemListElement":[{"@type":"ListItem","position":1,"name":"Home","item":"https:\/\/www.christeyns.com\/pt-pt\/"},{"@type":"ListItem","position":2,"name":"Reciclagem &#8211; Uma pr\u00e1tica vital para a sustentabilidade do nosso planeta"}]},{"@type":"WebSite","@id":"https:\/\/www.christeyns.com\/pt-pt\/#website","url":"https:\/\/www.christeyns.com\/pt-pt\/","name":"Christeyns","description":"Christeyns - Striving for a cleaner future","publisher":{"@id":"https:\/\/www.christeyns.com\/pt-pt\/#organization"},"inLanguage":"pt-PT"},{"@type":"Organization","@id":"https:\/\/www.christeyns.com\/pt-pt\/#organization","name":"Christeyns","url":"https:\/\/www.christeyns.com\/pt-pt\/","logo":{"@type":"ImageObject","inLanguage":"pt-PT","@id":"https:\/\/www.christeyns.com\/pt-pt\/#\/schema\/logo\/image\/","url":"https:\/\/www.christeyns.com\/wp-content\/uploads\/2021\/06\/logo.png","contentUrl":"https:\/\/www.christeyns.com\/wp-content\/uploads\/2021\/06\/logo.png","width":262,"height":40,"caption":"Christeyns"},"image":{"@id":"https:\/\/www.christeyns.com\/pt-pt\/#\/schema\/logo\/image\/"},"sameAs":["https:\/\/www.linkedin.com\/company\/christeyns","https:\/\/www.youtube.com\/c\/christeynshq"]},{"@type":"Person","@id":"https:\/\/www.christeyns.com\/pt-pt\/#\/schema\/person\/c8e8e6f50c4e8ea1205501a03f4b4363","name":"Monica Correia"}]}},"_links":{"self":[{"href":"https:\/\/www.christeyns.com\/pt-pt\/wp-json\/wp\/v2\/posts\/129739","targetHints":{"allow":["GET"]}}],"collection":[{"href":"https:\/\/www.christeyns.com\/pt-pt\/wp-json\/wp\/v2\/posts"}],"about":[{"href":"https:\/\/www.christeyns.com\/pt-pt\/wp-json\/wp\/v2\/types\/post"}],"author":[{"embeddable":true,"href":"https:\/\/www.christeyns.com\/pt-pt\/wp-json\/wp\/v2\/users\/39"}],"replies":[{"embeddable":true,"href":"https:\/\/www.christeyns.com\/pt-pt\/wp-json\/wp\/v2\/comments?post=129739"}],"version-history":[{"count":3,"href":"https:\/\/www.christeyns.com\/pt-pt\/wp-json\/wp\/v2\/posts\/129739\/revisions"}],"predecessor-version":[{"id":130785,"href":"https:\/\/www.christeyns.com\/pt-pt\/wp-json\/wp\/v2\/posts\/129739\/revisions\/130785"}],"wp:featuredmedia":[{"embeddable":true,"href":"https:\/\/www.christeyns.com\/pt-pt\/wp-json\/wp\/v2\/media\/129457"}],"wp:attachment":[{"href":"https:\/\/www.christeyns.com\/pt-pt\/wp-json\/wp\/v2\/media?parent=129739"}],"wp:term":[{"taxonomy":"category","embeddable":true,"href":"https:\/\/www.christeyns.com\/pt-pt\/wp-json\/wp\/v2\/categories?post=129739"},{"taxonomy":"post_tag","embeddable":true,"href":"https:\/\/www.christeyns.com\/pt-pt\/wp-json\/wp\/v2\/tags?post=129739"}],"curies":[{"name":"wp","href":"https:\/\/api.w.org\/{rel}","templated":true}]}}