{"id":109403,"date":"2024-04-24T14:28:30","date_gmt":"2024-04-24T14:28:30","guid":{"rendered":"https:\/\/www.christeyns.com\/?p=109403"},"modified":"2024-04-24T14:28:57","modified_gmt":"2024-04-24T14:28:57","slug":"sabe-realmente-quao-importante-e-a-higiene-das-maos","status":"publish","type":"post","link":"https:\/\/www.christeyns.com\/pt-pt\/sabe-realmente-quao-importante-e-a-higiene-das-maos\/","title":{"rendered":"Sabe, realmente, qu\u00e3o importante \u00e9 a higiene das m\u00e3os?"},"content":{"rendered":"<p>Estabelecido pela Organiza\u00e7\u00e3o Mundial de Sa\u00fade (OMS) em 2009 e celebrado anualmente a 5 de maio, o Dia Mundial da Higiene das M\u00e3os tem como objetivo real\u00e7ar a import\u00e2ncia cr\u00edtica da higiene das m\u00e3os em todo o mundo, especialmente em contextos de cuidados de sa\u00fade.<\/p>\n<p>A higiene das m\u00e3os \u00e9 mais do que uma prefer\u00eancia ou um luxo; \u00e9 uma a\u00e7\u00e3o individual b\u00e1sica que \u00e9 essencial para todos, incluindo os profissionais de sa\u00fade, os doentes e as suas fam\u00edlias, em todas as intera\u00e7\u00f5es de cuidados de sa\u00fade.<\/p>\n<p>Quando feita de forma correta e consistente, a higiene das m\u00e3os tem o potencial de salvar milh\u00f5es de vidas todos os anos. Apesar da sua simplicidade, a sua ado\u00e7\u00e3o generalizada continua a ser um desafio em muitas instala\u00e7\u00f5es de cuidados de sa\u00fade em todo o mundo. No entanto, quando integrada com outras interven\u00e7\u00f5es chave, \u00e9 a forma mais eficaz de reduzir a transmiss\u00e3o de infec\u00e7\u00f5es.<\/p>\n<p>A higiene adequada das m\u00e3os, quando integrada com outras interven\u00e7\u00f5es chave, \u00e9 a interven\u00e7\u00e3o mais eficaz para evitar a propaga\u00e7\u00e3o de infec\u00e7\u00f5es.<\/p>\n<p>A preven\u00e7\u00e3o e o controlo das infec\u00e7\u00f5es, incluindo pr\u00e1ticas adequadas de higiene das m\u00e3os, s\u00e3o componentes essenciais para alcan\u00e7ar a Cobertura Universal de Sa\u00fade (UHC). Estas estrat\u00e9gias baseadas em provas melhoram significativamente a qualidade dos cuidados e a seguran\u00e7a dos doentes a todos os n\u00edveis do sistema de sa\u00fade.<\/p>\n<p>As principais estat\u00edsticas da OMS real\u00e7am a dimens\u00e3o do problema:<\/p>\n<ul>\n<li><strong>50%<\/strong> das Infe\u00e7\u00f5es Associadas aos Cuidados de Sa\u00fade (IACS) evit\u00e1veis podem ser prevenidas atrav\u00e9s de boas pr\u00e1ticas de higiene das m\u00e3os. Isto inclui os profissionais de sa\u00fade.<\/li>\n<li><strong>1 em cada 4<\/strong> instala\u00e7\u00f5es de cuidados de sa\u00fade em todo o mundo n\u00e3o tem abastecimento b\u00e1sico de \u00e1gua.<\/li>\n<li><strong>1 em cada 3<\/strong> servi\u00e7os de sa\u00fade n\u00e3o disp\u00f5e de instala\u00e7\u00f5es para a higiene das m\u00e3os.<\/li>\n<li>Nos pa\u00edses de baixo rendimento, o cumprimento das melhores pr\u00e1ticas de higiene das m\u00e3os nos cuidados a doentes em estado cr\u00edtico \u00e9 apenas de cerca de 9%.<\/li>\n<li>Mesmo nos pa\u00edses com rendimentos elevados, o <strong>cumprimento raramente excede os 70%<\/strong>, o que real\u00e7a a necessidade de esfor\u00e7os de melhoria a n\u00edvel mundial.<\/li>\n<\/ul>\n<p>A higiene das m\u00e3os \u00e9 um desafio global<\/p>\n<p>Embora a lavagem das m\u00e3os com sab\u00e3o seja fundamental na luta contra as doen\u00e7as infeciosas &#8211; n\u00e3o esque\u00e7amos a nossa experi\u00eancia com a COVID-19 &#8211; em todo o mundo, cerca de 3 em cada 10 pessoas &#8211; cerca de 2,3 mil milh\u00f5es &#8211; n\u00e3o t\u00eam acesso a instala\u00e7\u00f5es de lavagem das m\u00e3os com \u00e1gua e sab\u00e3o em casa. A situa\u00e7\u00e3o \u00e9 pior nos pa\u00edses menos desenvolvidos, onde mais de 6 em cada 10 pessoas n\u00e3o t\u00eam acesso a instala\u00e7\u00f5es b\u00e1sicas de higiene das m\u00e3os.<\/p>\n<p>&nbsp;<\/p>\n<p>Refer\u00eancias:<\/p>\n<p><a href=\"https:\/\/www.who.int\/campaigns\/world-hand-hygiene-day\/2021\/key-facts-and-figures\">Key facts and figures (who.int)<\/a><\/p>\n<p><a href=\"https:\/\/www.unicef.org\/press-releases\/fact-sheet-global-handwashing-day-unicef-warns-3-10-people-do-not-have-basic\">FACT SHEET: On Global Handwashing Day, UNICEF warns that 3 in 10 people do not have basic handwashing facilities at home to fight off infectious diseases<\/a><\/p>\n<p><a href=\"https:\/\/www.who.int\/campaigns\/world-hand-hygiene-day\">World Hand Hygiene Day (who.int)<\/a><\/p>\n","protected":false},"excerpt":{"rendered":"<p>Estabelecido pela Organiza\u00e7\u00e3o Mundial de Sa\u00fade (OMS) em 2009 e celebrado anualmente a 5 de maio, o Dia Mundial da Higiene das M\u00e3os tem como objetivo real\u00e7ar a import\u00e2ncia cr\u00edtica da higiene das m\u00e3os em todo o mundo, especialmente em contextos de cuidados de sa\u00fade. A higiene das m\u00e3os \u00e9 mais do que uma prefer\u00eancia [&hellip;]<\/p>\n","protected":false},"author":37,"featured_media":109405,"comment_status":"closed","ping_status":"closed","sticky":false,"template":"","format":"standard","meta":{"_acf_changed":false,"content-type":"","footnotes":""},"categories":[17],"tags":[],"class_list":["post-109403","post","type-post","status-publish","format-standard","hentry","category-sem-categoria"],"acf":[],"yoast_head":"<!-- This site is optimized with the Yoast SEO plugin v26.9 - https:\/\/yoast.com\/product\/yoast-seo-wordpress\/ -->\n<title>Sabe, realmente, qu\u00e3o importante \u00e9 a higiene das m\u00e3os? |<\/title>\n<meta name=\"description\" content=\"\u00c9 assim que a higiene das m\u00e3os \u00e9 importante: trata-se de uma a\u00e7\u00e3o individual b\u00e1sica que \u00e9 essencial para a sa\u00fade de todos.\" \/>\n<meta name=\"robots\" content=\"index, follow, max-snippet:-1, max-image-preview:large, max-video-preview:-1\" \/>\n<link rel=\"canonical\" href=\"https:\/\/www.christeyns.com\/pt-pt\/sabe-realmente-quao-importante-e-a-higiene-das-maos\/\" \/>\n<meta property=\"og:locale\" content=\"pt_PT\" \/>\n<meta property=\"og:type\" content=\"article\" \/>\n<meta property=\"og:title\" content=\"Sabe, realmente, qu\u00e3o importante \u00e9 a higiene das m\u00e3os? |\" \/>\n<meta property=\"og:description\" content=\"\u00c9 assim que a higiene das m\u00e3os \u00e9 importante: trata-se de uma a\u00e7\u00e3o individual b\u00e1sica que \u00e9 essencial para a sa\u00fade de todos.\" \/>\n<meta property=\"og:url\" content=\"https:\/\/www.christeyns.com\/pt-pt\/sabe-realmente-quao-importante-e-a-higiene-das-maos\/\" \/>\n<meta property=\"og:site_name\" content=\"Christeyns\" \/>\n<meta property=\"article:published_time\" content=\"2024-04-24T14:28:30+00:00\" \/>\n<meta property=\"article:modified_time\" content=\"2024-04-24T14:28:57+00:00\" \/>\n<meta property=\"og:image\" content=\"https:\/\/www.christeyns.com\/wp-content\/uploads\/2024\/04\/maos.webp\" \/>\n\t<meta property=\"og:image:width\" content=\"300\" \/>\n\t<meta property=\"og:image:height\" content=\"300\" \/>\n\t<meta property=\"og:image:type\" content=\"image\/webp\" \/>\n<meta name=\"author\" content=\"Carolina Esteves\" \/>\n<meta name=\"twitter:card\" content=\"summary_large_image\" \/>\n<meta name=\"twitter:label1\" content=\"Escrito por\" \/>\n\t<meta name=\"twitter:data1\" content=\"Carolina Esteves\" \/>\n\t<meta name=\"twitter:label2\" content=\"Tempo estimado de leitura\" \/>\n\t<meta name=\"twitter:data2\" content=\"3 minutos\" \/>\n<script type=\"application\/ld+json\" class=\"yoast-schema-graph\">{\"@context\":\"https:\/\/schema.org\",\"@graph\":[{\"@type\":\"Article\",\"@id\":\"https:\/\/www.christeyns.com\/pt-pt\/sabe-realmente-quao-importante-e-a-higiene-das-maos\/#article\",\"isPartOf\":{\"@id\":\"https:\/\/www.christeyns.com\/pt-pt\/sabe-realmente-quao-importante-e-a-higiene-das-maos\/\"},\"author\":{\"name\":\"Carolina Esteves\",\"@id\":\"https:\/\/www.christeyns.com\/pt-pt\/#\/schema\/person\/44e12d4ee09a97d1ee0378a7e132f0d4\"},\"headline\":\"Sabe, realmente, qu\u00e3o importante \u00e9 a higiene das m\u00e3os?\",\"datePublished\":\"2024-04-24T14:28:30+00:00\",\"dateModified\":\"2024-04-24T14:28:57+00:00\",\"mainEntityOfPage\":{\"@id\":\"https:\/\/www.christeyns.com\/pt-pt\/sabe-realmente-quao-importante-e-a-higiene-das-maos\/\"},\"wordCount\":553,\"publisher\":{\"@id\":\"https:\/\/www.christeyns.com\/pt-pt\/#organization\"},\"image\":{\"@id\":\"https:\/\/www.christeyns.com\/pt-pt\/sabe-realmente-quao-importante-e-a-higiene-das-maos\/#primaryimage\"},\"thumbnailUrl\":\"https:\/\/www.christeyns.com\/wp-content\/uploads\/2024\/04\/maos.webp\",\"inLanguage\":\"pt-PT\"},{\"@type\":\"WebPage\",\"@id\":\"https:\/\/www.christeyns.com\/pt-pt\/sabe-realmente-quao-importante-e-a-higiene-das-maos\/\",\"url\":\"https:\/\/www.christeyns.com\/pt-pt\/sabe-realmente-quao-importante-e-a-higiene-das-maos\/\",\"name\":\"Sabe, realmente, qu\u00e3o importante \u00e9 a higiene das m\u00e3os? |\",\"isPartOf\":{\"@id\":\"https:\/\/www.christeyns.com\/pt-pt\/#website\"},\"primaryImageOfPage\":{\"@id\":\"https:\/\/www.christeyns.com\/pt-pt\/sabe-realmente-quao-importante-e-a-higiene-das-maos\/#primaryimage\"},\"image\":{\"@id\":\"https:\/\/www.christeyns.com\/pt-pt\/sabe-realmente-quao-importante-e-a-higiene-das-maos\/#primaryimage\"},\"thumbnailUrl\":\"https:\/\/www.christeyns.com\/wp-content\/uploads\/2024\/04\/maos.webp\",\"datePublished\":\"2024-04-24T14:28:30+00:00\",\"dateModified\":\"2024-04-24T14:28:57+00:00\",\"description\":\"\u00c9 assim que a higiene das m\u00e3os \u00e9 importante: trata-se de uma a\u00e7\u00e3o individual b\u00e1sica que \u00e9 essencial para a sa\u00fade de todos.\",\"breadcrumb\":{\"@id\":\"https:\/\/www.christeyns.com\/pt-pt\/sabe-realmente-quao-importante-e-a-higiene-das-maos\/#breadcrumb\"},\"inLanguage\":\"pt-PT\",\"potentialAction\":[{\"@type\":\"ReadAction\",\"target\":[\"https:\/\/www.christeyns.com\/pt-pt\/sabe-realmente-quao-importante-e-a-higiene-das-maos\/\"]}]},{\"@type\":\"ImageObject\",\"inLanguage\":\"pt-PT\",\"@id\":\"https:\/\/www.christeyns.com\/pt-pt\/sabe-realmente-quao-importante-e-a-higiene-das-maos\/#primaryimage\",\"url\":\"https:\/\/www.christeyns.com\/wp-content\/uploads\/2024\/04\/maos.webp\",\"contentUrl\":\"https:\/\/www.christeyns.com\/wp-content\/uploads\/2024\/04\/maos.webp\",\"width\":300,\"height\":300},{\"@type\":\"BreadcrumbList\",\"@id\":\"https:\/\/www.christeyns.com\/pt-pt\/sabe-realmente-quao-importante-e-a-higiene-das-maos\/#breadcrumb\",\"itemListElement\":[{\"@type\":\"ListItem\",\"position\":1,\"name\":\"Home\",\"item\":\"https:\/\/www.christeyns.com\/pt-pt\/\"},{\"@type\":\"ListItem\",\"position\":2,\"name\":\"Sabe, realmente, qu\u00e3o importante \u00e9 a higiene das m\u00e3os?\"}]},{\"@type\":\"WebSite\",\"@id\":\"https:\/\/www.christeyns.com\/pt-pt\/#website\",\"url\":\"https:\/\/www.christeyns.com\/pt-pt\/\",\"name\":\"Christeyns\",\"description\":\"Christeyns - Striving for a cleaner future\",\"publisher\":{\"@id\":\"https:\/\/www.christeyns.com\/pt-pt\/#organization\"},\"inLanguage\":\"pt-PT\"},{\"@type\":\"Organization\",\"@id\":\"https:\/\/www.christeyns.com\/pt-pt\/#organization\",\"name\":\"Christeyns\",\"url\":\"https:\/\/www.christeyns.com\/pt-pt\/\",\"logo\":{\"@type\":\"ImageObject\",\"inLanguage\":\"pt-PT\",\"@id\":\"https:\/\/www.christeyns.com\/pt-pt\/#\/schema\/logo\/image\/\",\"url\":\"https:\/\/www.christeyns.com\/wp-content\/uploads\/2021\/06\/logo.png\",\"contentUrl\":\"https:\/\/www.christeyns.com\/wp-content\/uploads\/2021\/06\/logo.png\",\"width\":262,\"height\":40,\"caption\":\"Christeyns\"},\"image\":{\"@id\":\"https:\/\/www.christeyns.com\/pt-pt\/#\/schema\/logo\/image\/\"},\"sameAs\":[\"https:\/\/www.linkedin.com\/company\/christeyns\",\"https:\/\/www.youtube.com\/c\/christeynshq\"]},{\"@type\":\"Person\",\"@id\":\"https:\/\/www.christeyns.com\/pt-pt\/#\/schema\/person\/44e12d4ee09a97d1ee0378a7e132f0d4\",\"name\":\"Carolina Esteves\"}]}<\/script>\n<!-- \/ Yoast SEO plugin. -->","yoast_head_json":{"title":"Sabe, realmente, qu\u00e3o importante \u00e9 a higiene das m\u00e3os? |","description":"\u00c9 assim que a higiene das m\u00e3os \u00e9 importante: trata-se de uma a\u00e7\u00e3o individual b\u00e1sica que \u00e9 essencial para a sa\u00fade de todos.","robots":{"index":"index","follow":"follow","max-snippet":"max-snippet:-1","max-image-preview":"max-image-preview:large","max-video-preview":"max-video-preview:-1"},"canonical":"https:\/\/www.christeyns.com\/pt-pt\/sabe-realmente-quao-importante-e-a-higiene-das-maos\/","og_locale":"pt_PT","og_type":"article","og_title":"Sabe, realmente, qu\u00e3o importante \u00e9 a higiene das m\u00e3os? |","og_description":"\u00c9 assim que a higiene das m\u00e3os \u00e9 importante: trata-se de uma a\u00e7\u00e3o individual b\u00e1sica que \u00e9 essencial para a sa\u00fade de todos.","og_url":"https:\/\/www.christeyns.com\/pt-pt\/sabe-realmente-quao-importante-e-a-higiene-das-maos\/","og_site_name":"Christeyns","article_published_time":"2024-04-24T14:28:30+00:00","article_modified_time":"2024-04-24T14:28:57+00:00","og_image":[{"width":300,"height":300,"url":"https:\/\/www.christeyns.com\/wp-content\/uploads\/2024\/04\/maos.webp","type":"image\/webp"}],"author":"Carolina Esteves","twitter_card":"summary_large_image","twitter_misc":{"Escrito por":"Carolina Esteves","Tempo estimado de leitura":"3 minutos"},"schema":{"@context":"https:\/\/schema.org","@graph":[{"@type":"Article","@id":"https:\/\/www.christeyns.com\/pt-pt\/sabe-realmente-quao-importante-e-a-higiene-das-maos\/#article","isPartOf":{"@id":"https:\/\/www.christeyns.com\/pt-pt\/sabe-realmente-quao-importante-e-a-higiene-das-maos\/"},"author":{"name":"Carolina Esteves","@id":"https:\/\/www.christeyns.com\/pt-pt\/#\/schema\/person\/44e12d4ee09a97d1ee0378a7e132f0d4"},"headline":"Sabe, realmente, qu\u00e3o importante \u00e9 a higiene das m\u00e3os?","datePublished":"2024-04-24T14:28:30+00:00","dateModified":"2024-04-24T14:28:57+00:00","mainEntityOfPage":{"@id":"https:\/\/www.christeyns.com\/pt-pt\/sabe-realmente-quao-importante-e-a-higiene-das-maos\/"},"wordCount":553,"publisher":{"@id":"https:\/\/www.christeyns.com\/pt-pt\/#organization"},"image":{"@id":"https:\/\/www.christeyns.com\/pt-pt\/sabe-realmente-quao-importante-e-a-higiene-das-maos\/#primaryimage"},"thumbnailUrl":"https:\/\/www.christeyns.com\/wp-content\/uploads\/2024\/04\/maos.webp","inLanguage":"pt-PT"},{"@type":"WebPage","@id":"https:\/\/www.christeyns.com\/pt-pt\/sabe-realmente-quao-importante-e-a-higiene-das-maos\/","url":"https:\/\/www.christeyns.com\/pt-pt\/sabe-realmente-quao-importante-e-a-higiene-das-maos\/","name":"Sabe, realmente, qu\u00e3o importante \u00e9 a higiene das m\u00e3os? |","isPartOf":{"@id":"https:\/\/www.christeyns.com\/pt-pt\/#website"},"primaryImageOfPage":{"@id":"https:\/\/www.christeyns.com\/pt-pt\/sabe-realmente-quao-importante-e-a-higiene-das-maos\/#primaryimage"},"image":{"@id":"https:\/\/www.christeyns.com\/pt-pt\/sabe-realmente-quao-importante-e-a-higiene-das-maos\/#primaryimage"},"thumbnailUrl":"https:\/\/www.christeyns.com\/wp-content\/uploads\/2024\/04\/maos.webp","datePublished":"2024-04-24T14:28:30+00:00","dateModified":"2024-04-24T14:28:57+00:00","description":"\u00c9 assim que a higiene das m\u00e3os \u00e9 importante: trata-se de uma a\u00e7\u00e3o individual b\u00e1sica que \u00e9 essencial para a sa\u00fade de todos.","breadcrumb":{"@id":"https:\/\/www.christeyns.com\/pt-pt\/sabe-realmente-quao-importante-e-a-higiene-das-maos\/#breadcrumb"},"inLanguage":"pt-PT","potentialAction":[{"@type":"ReadAction","target":["https:\/\/www.christeyns.com\/pt-pt\/sabe-realmente-quao-importante-e-a-higiene-das-maos\/"]}]},{"@type":"ImageObject","inLanguage":"pt-PT","@id":"https:\/\/www.christeyns.com\/pt-pt\/sabe-realmente-quao-importante-e-a-higiene-das-maos\/#primaryimage","url":"https:\/\/www.christeyns.com\/wp-content\/uploads\/2024\/04\/maos.webp","contentUrl":"https:\/\/www.christeyns.com\/wp-content\/uploads\/2024\/04\/maos.webp","width":300,"height":300},{"@type":"BreadcrumbList","@id":"https:\/\/www.christeyns.com\/pt-pt\/sabe-realmente-quao-importante-e-a-higiene-das-maos\/#breadcrumb","itemListElement":[{"@type":"ListItem","position":1,"name":"Home","item":"https:\/\/www.christeyns.com\/pt-pt\/"},{"@type":"ListItem","position":2,"name":"Sabe, realmente, qu\u00e3o importante \u00e9 a higiene das m\u00e3os?"}]},{"@type":"WebSite","@id":"https:\/\/www.christeyns.com\/pt-pt\/#website","url":"https:\/\/www.christeyns.com\/pt-pt\/","name":"Christeyns","description":"Christeyns - Striving for a cleaner future","publisher":{"@id":"https:\/\/www.christeyns.com\/pt-pt\/#organization"},"inLanguage":"pt-PT"},{"@type":"Organization","@id":"https:\/\/www.christeyns.com\/pt-pt\/#organization","name":"Christeyns","url":"https:\/\/www.christeyns.com\/pt-pt\/","logo":{"@type":"ImageObject","inLanguage":"pt-PT","@id":"https:\/\/www.christeyns.com\/pt-pt\/#\/schema\/logo\/image\/","url":"https:\/\/www.christeyns.com\/wp-content\/uploads\/2021\/06\/logo.png","contentUrl":"https:\/\/www.christeyns.com\/wp-content\/uploads\/2021\/06\/logo.png","width":262,"height":40,"caption":"Christeyns"},"image":{"@id":"https:\/\/www.christeyns.com\/pt-pt\/#\/schema\/logo\/image\/"},"sameAs":["https:\/\/www.linkedin.com\/company\/christeyns","https:\/\/www.youtube.com\/c\/christeynshq"]},{"@type":"Person","@id":"https:\/\/www.christeyns.com\/pt-pt\/#\/schema\/person\/44e12d4ee09a97d1ee0378a7e132f0d4","name":"Carolina Esteves"}]}},"_links":{"self":[{"href":"https:\/\/www.christeyns.com\/pt-pt\/wp-json\/wp\/v2\/posts\/109403","targetHints":{"allow":["GET"]}}],"collection":[{"href":"https:\/\/www.christeyns.com\/pt-pt\/wp-json\/wp\/v2\/posts"}],"about":[{"href":"https:\/\/www.christeyns.com\/pt-pt\/wp-json\/wp\/v2\/types\/post"}],"author":[{"embeddable":true,"href":"https:\/\/www.christeyns.com\/pt-pt\/wp-json\/wp\/v2\/users\/37"}],"replies":[{"embeddable":true,"href":"https:\/\/www.christeyns.com\/pt-pt\/wp-json\/wp\/v2\/comments?post=109403"}],"version-history":[{"count":3,"href":"https:\/\/www.christeyns.com\/pt-pt\/wp-json\/wp\/v2\/posts\/109403\/revisions"}],"predecessor-version":[{"id":109419,"href":"https:\/\/www.christeyns.com\/pt-pt\/wp-json\/wp\/v2\/posts\/109403\/revisions\/109419"}],"wp:featuredmedia":[{"embeddable":true,"href":"https:\/\/www.christeyns.com\/pt-pt\/wp-json\/wp\/v2\/media\/109405"}],"wp:attachment":[{"href":"https:\/\/www.christeyns.com\/pt-pt\/wp-json\/wp\/v2\/media?parent=109403"}],"wp:term":[{"taxonomy":"category","embeddable":true,"href":"https:\/\/www.christeyns.com\/pt-pt\/wp-json\/wp\/v2\/categories?post=109403"},{"taxonomy":"post_tag","embeddable":true,"href":"https:\/\/www.christeyns.com\/pt-pt\/wp-json\/wp\/v2\/tags?post=109403"}],"curies":[{"name":"wp","href":"https:\/\/api.w.org\/{rel}","templated":true}]}}