{"id":108574,"date":"2024-04-22T15:43:33","date_gmt":"2024-04-22T15:43:33","guid":{"rendered":"https:\/\/www.christeyns.com\/?p=108574"},"modified":"2024-06-05T13:21:03","modified_gmt":"2024-06-05T13:21:03","slug":"semana-mundial-da-imunizacao-como-as-vacinas-moldam-o-nosso-mundo","status":"publish","type":"post","link":"https:\/\/www.christeyns.com\/pt-pt\/semana-mundial-da-imunizacao-como-as-vacinas-moldam-o-nosso-mundo\/","title":{"rendered":"Semana Mundial da Imuniza\u00e7\u00e3o:  Como as vacinas moldam o nosso mundo"},"content":{"rendered":"<p>A Semana Mundial da Imuniza\u00e7\u00e3o tem lugar na \u00faltima semana de abril de cada ano. A altura n\u00e3o \u00e9 por acaso. Coincide com o anivers\u00e1rio da funda\u00e7\u00e3o da Organiza\u00e7\u00e3o Mundial de Sa\u00fade (OMS), em 7 de abril de 1948.<\/p>\n<p>O objetivo da semana \u00e9 destacar a a\u00e7\u00e3o colectiva para proteger as pessoas das doen\u00e7as evit\u00e1veis por vacina\u00e7\u00e3o. A vacina\u00e7\u00e3o ajuda a proteger as crian\u00e7as, os adultos e as suas comunidades para que possam ter uma vida mais feliz e mais saud\u00e1vel.<\/p>\n<p>Dado que a OMS desempenha um papel central na coordena\u00e7\u00e3o global da sa\u00fade, dedicar a Semana Mundial da Imuniza\u00e7\u00e3o a esta causa refor\u00e7a a agenda mais alargada da sa\u00fade e destaca a import\u00e2ncia fundamental das vacinas. \u00c9 importante recordar que as vacinas salvaram mais vidas do que qualquer outra inven\u00e7\u00e3o m\u00e9dica na hist\u00f3ria e continuam a ser um dos instrumentos mais poderosos na nossa luta contra doen\u00e7as mortais.<\/p>\n<p>Eis alguns factos sobre a imuniza\u00e7\u00e3o a n\u00edvel mundial:<\/p>\n<ul>\n<li>Nos \u00faltimos 60 anos, as vacinas erradicaram a var\u00edola e est\u00e3o a caminho de erradicar a poliomielite. Globalmente, as vacinas evitam mais de 2,5 milh\u00f5es de mortes todos os anos. A n\u00edvel mundial, a imuniza\u00e7\u00e3o infantil evita cerca de 4 milh\u00f5es de mortes por ano. Apesar dos receios de alguns, os estudos cient\u00edficos demonstram sistematicamente que n\u00e3o existe qualquer liga\u00e7\u00e3o entre as vacinas e o autismo.<\/li>\n<li>A imuniza\u00e7\u00e3o \u00e9 um dos principais factores que contribuem para o bem-estar global e uma das interven\u00e7\u00f5es de sa\u00fade p\u00fablica mais bem sucedidas. Estima-se que a imuniza\u00e7\u00e3o tem o potencial de evitar mais de 50 milh\u00f5es de mortes entre 2021 e 2030.<\/li>\n<li>70,6% da popula\u00e7\u00e3o mundial recebeu pelo menos uma dose da vacina contra a COVID-19, com um n\u00famero impressionante de 13,57 mil milh\u00f5es de doses administradas em todo o mundo. Atualmente, continuam a ser administradas 5 308 doses da vacina contra a COVID-19 todos os dias.<\/li>\n<\/ul>\n<p>Apesar do \u00eaxito da vacina\u00e7\u00e3o contra a COVID-19, a pandemia teve um impacto negativo na cobertura global da imuniza\u00e7\u00e3o, que tinha atingido um patamar na d\u00e9cada anterior. A pandemia, juntamente com as perturba\u00e7\u00f5es associadas e os esfor\u00e7os de vacina\u00e7\u00e3o, colocou uma press\u00e3o sobre os sistemas de sa\u00fade mundiais em 2020 e 2021. Como resultado, vemos algumas tend\u00eancias a observar de perto:<\/p>\n<ul>\n<li>O n\u00famero de crian\u00e7as que n\u00e3o receberam qualquer vacina &#8211; conhecidas como crian\u00e7as com dose zero &#8211; melhorou de 18,1 milh\u00f5es em 2021 para 14,3 milh\u00f5es em 2022. Este n\u00famero est\u00e1 quase de volta ao n\u00edvel pr\u00e9-pand\u00e9mico de 12,9 milh\u00f5es em 2019.<\/li>\n<li>A terceira dose da vacina contra a difteria, o t\u00e9tano e a tosse convulsa (DTP3) enfrentou desafios em 2021, com uma cobertura de 81 %. No entanto, foram registados progressos e a cobertura recuperou para 84 % em 2022.<\/li>\n<li>A propor\u00e7\u00e3o de crian\u00e7as que receberam a primeira dose da vacina contra o sarampo aumentou de 81% em 2021 para 83% em 2022, mas ainda estava abaixo do n\u00edvel de 2019 de 86%.<\/li>\n<li>A cobertura global da primeira dose de HPV em raparigas aumentou de 16% em 2021 para 21% em 2022.<\/li>\n<li>A cobertura da vacina contra a febre amarela em pa\u00edses de alto risco \u00e9 de 48%, muito abaixo da cobertura recomendada de 80%.<\/li>\n<\/ul>\n<p>A Christeyns \u00e9 uma especialista global de renome no fornecimento de solu\u00e7\u00f5es de limpeza e desinfe\u00e7\u00e3o adaptadas \u00e0s ind\u00fastrias farmac\u00eautica e cosm\u00e9tica. Contacte-nos para saber mais sobre como podemos ajud\u00e1-lo com as suas necessidades de limpeza e desinfe\u00e7\u00e3o.<\/p>\n<p>&nbsp;<\/p>\n<p>References:<\/p>\n<p><a href=\"https:\/\/ourworldindata.org\/covid-vaccinations\">Coronavirus (COVID-19) Vaccinations &#8211; Our World in Data<\/a><\/p>\n<p><a href=\"https:\/\/www.who.int\/news-room\/fact-sheets\/detail\/immunization-coverage\">Immunization coverage (who.int)<\/a><\/p>\n<p>Fast Facts on Global Immunization (cdc.gov)<\/p>\n","protected":false},"excerpt":{"rendered":"<p>A Semana Mundial da Imuniza\u00e7\u00e3o tem lugar na \u00faltima semana de abril de cada ano. A altura n\u00e3o \u00e9 por acaso. Coincide com o anivers\u00e1rio da funda\u00e7\u00e3o da Organiza\u00e7\u00e3o Mundial de Sa\u00fade (OMS), em 7 de abril de 1948. O objetivo da semana \u00e9 destacar a a\u00e7\u00e3o colectiva para proteger as pessoas das doen\u00e7as evit\u00e1veis [&hellip;]<\/p>\n","protected":false},"author":37,"featured_media":108578,"comment_status":"closed","ping_status":"closed","sticky":false,"template":"","format":"standard","meta":{"_acf_changed":false,"content-type":"","footnotes":""},"categories":[17],"tags":[],"class_list":["post-108574","post","type-post","status-publish","format-standard","hentry","category-sem-categoria"],"acf":[],"yoast_head":"<!-- This site is optimized with the Yoast SEO plugin v26.9 - https:\/\/yoast.com\/product\/yoast-seo-wordpress\/ -->\n<title>Semana Mundial da Imuniza\u00e7\u00e3o: Como as vacinas moldam o nosso mundo<\/title>\n<meta name=\"description\" content=\"O objetivo da Semana Mundial da Imuniza\u00e7\u00e3o \u00e9 destacar a a\u00e7\u00e3o colectiva para proteger as pessoas contra as doen\u00e7as que podem ser prevenidas por vacina\u00e7\u00e3o.\" \/>\n<meta name=\"robots\" content=\"index, follow, max-snippet:-1, max-image-preview:large, max-video-preview:-1\" \/>\n<link rel=\"canonical\" href=\"https:\/\/www.christeyns.com\/pt-pt\/semana-mundial-da-imunizacao-como-as-vacinas-moldam-o-nosso-mundo\/\" \/>\n<meta property=\"og:locale\" content=\"pt_PT\" \/>\n<meta property=\"og:type\" content=\"article\" \/>\n<meta property=\"og:title\" content=\"Semana Mundial da Imuniza\u00e7\u00e3o: Como as vacinas moldam o nosso mundo\" \/>\n<meta property=\"og:description\" content=\"O objetivo da Semana Mundial da Imuniza\u00e7\u00e3o \u00e9 destacar a a\u00e7\u00e3o colectiva para proteger as pessoas contra as doen\u00e7as que podem ser prevenidas por vacina\u00e7\u00e3o.\" \/>\n<meta property=\"og:url\" content=\"https:\/\/www.christeyns.com\/pt-pt\/semana-mundial-da-imunizacao-como-as-vacinas-moldam-o-nosso-mundo\/\" \/>\n<meta property=\"og:site_name\" content=\"Christeyns\" \/>\n<meta property=\"article:published_time\" content=\"2024-04-22T15:43:33+00:00\" \/>\n<meta property=\"article:modified_time\" content=\"2024-06-05T13:21:03+00:00\" \/>\n<meta property=\"og:image\" content=\"https:\/\/www.christeyns.com\/wp-content\/uploads\/2024\/04\/vacina.jpg\" \/>\n\t<meta property=\"og:image:width\" content=\"450\" \/>\n\t<meta property=\"og:image:height\" content=\"450\" \/>\n\t<meta property=\"og:image:type\" content=\"image\/jpeg\" \/>\n<meta name=\"author\" content=\"Carolina Esteves\" \/>\n<meta name=\"twitter:card\" content=\"summary_large_image\" \/>\n<meta name=\"twitter:label1\" content=\"Escrito por\" \/>\n\t<meta name=\"twitter:data1\" content=\"Carolina Esteves\" \/>\n\t<meta name=\"twitter:label2\" content=\"Tempo estimado de leitura\" \/>\n\t<meta name=\"twitter:data2\" content=\"3 minutos\" \/>\n<script type=\"application\/ld+json\" class=\"yoast-schema-graph\">{\"@context\":\"https:\/\/schema.org\",\"@graph\":[{\"@type\":\"Article\",\"@id\":\"https:\/\/www.christeyns.com\/pt-pt\/semana-mundial-da-imunizacao-como-as-vacinas-moldam-o-nosso-mundo\/#article\",\"isPartOf\":{\"@id\":\"https:\/\/www.christeyns.com\/pt-pt\/semana-mundial-da-imunizacao-como-as-vacinas-moldam-o-nosso-mundo\/\"},\"author\":{\"name\":\"Carolina Esteves\",\"@id\":\"https:\/\/www.christeyns.com\/pt-pt\/#\/schema\/person\/44e12d4ee09a97d1ee0378a7e132f0d4\"},\"headline\":\"Semana Mundial da Imuniza\u00e7\u00e3o: Como as vacinas moldam o nosso mundo\",\"datePublished\":\"2024-04-22T15:43:33+00:00\",\"dateModified\":\"2024-06-05T13:21:03+00:00\",\"mainEntityOfPage\":{\"@id\":\"https:\/\/www.christeyns.com\/pt-pt\/semana-mundial-da-imunizacao-como-as-vacinas-moldam-o-nosso-mundo\/\"},\"wordCount\":630,\"publisher\":{\"@id\":\"https:\/\/www.christeyns.com\/pt-pt\/#organization\"},\"image\":{\"@id\":\"https:\/\/www.christeyns.com\/pt-pt\/semana-mundial-da-imunizacao-como-as-vacinas-moldam-o-nosso-mundo\/#primaryimage\"},\"thumbnailUrl\":\"https:\/\/www.christeyns.com\/wp-content\/uploads\/2024\/04\/vacina.jpg\",\"inLanguage\":\"pt-PT\"},{\"@type\":\"WebPage\",\"@id\":\"https:\/\/www.christeyns.com\/pt-pt\/semana-mundial-da-imunizacao-como-as-vacinas-moldam-o-nosso-mundo\/\",\"url\":\"https:\/\/www.christeyns.com\/pt-pt\/semana-mundial-da-imunizacao-como-as-vacinas-moldam-o-nosso-mundo\/\",\"name\":\"Semana Mundial da Imuniza\u00e7\u00e3o: Como as vacinas moldam o nosso mundo\",\"isPartOf\":{\"@id\":\"https:\/\/www.christeyns.com\/pt-pt\/#website\"},\"primaryImageOfPage\":{\"@id\":\"https:\/\/www.christeyns.com\/pt-pt\/semana-mundial-da-imunizacao-como-as-vacinas-moldam-o-nosso-mundo\/#primaryimage\"},\"image\":{\"@id\":\"https:\/\/www.christeyns.com\/pt-pt\/semana-mundial-da-imunizacao-como-as-vacinas-moldam-o-nosso-mundo\/#primaryimage\"},\"thumbnailUrl\":\"https:\/\/www.christeyns.com\/wp-content\/uploads\/2024\/04\/vacina.jpg\",\"datePublished\":\"2024-04-22T15:43:33+00:00\",\"dateModified\":\"2024-06-05T13:21:03+00:00\",\"description\":\"O objetivo da Semana Mundial da Imuniza\u00e7\u00e3o \u00e9 destacar a a\u00e7\u00e3o colectiva para proteger as pessoas contra as doen\u00e7as que podem ser prevenidas por vacina\u00e7\u00e3o.\",\"breadcrumb\":{\"@id\":\"https:\/\/www.christeyns.com\/pt-pt\/semana-mundial-da-imunizacao-como-as-vacinas-moldam-o-nosso-mundo\/#breadcrumb\"},\"inLanguage\":\"pt-PT\",\"potentialAction\":[{\"@type\":\"ReadAction\",\"target\":[\"https:\/\/www.christeyns.com\/pt-pt\/semana-mundial-da-imunizacao-como-as-vacinas-moldam-o-nosso-mundo\/\"]}]},{\"@type\":\"ImageObject\",\"inLanguage\":\"pt-PT\",\"@id\":\"https:\/\/www.christeyns.com\/pt-pt\/semana-mundial-da-imunizacao-como-as-vacinas-moldam-o-nosso-mundo\/#primaryimage\",\"url\":\"https:\/\/www.christeyns.com\/wp-content\/uploads\/2024\/04\/vacina.jpg\",\"contentUrl\":\"https:\/\/www.christeyns.com\/wp-content\/uploads\/2024\/04\/vacina.jpg\",\"width\":450,\"height\":450},{\"@type\":\"BreadcrumbList\",\"@id\":\"https:\/\/www.christeyns.com\/pt-pt\/semana-mundial-da-imunizacao-como-as-vacinas-moldam-o-nosso-mundo\/#breadcrumb\",\"itemListElement\":[{\"@type\":\"ListItem\",\"position\":1,\"name\":\"Home\",\"item\":\"https:\/\/www.christeyns.com\/pt-pt\/\"},{\"@type\":\"ListItem\",\"position\":2,\"name\":\"Semana Mundial da Imuniza\u00e7\u00e3o: Como as vacinas moldam o nosso mundo\"}]},{\"@type\":\"WebSite\",\"@id\":\"https:\/\/www.christeyns.com\/pt-pt\/#website\",\"url\":\"https:\/\/www.christeyns.com\/pt-pt\/\",\"name\":\"Christeyns\",\"description\":\"Christeyns - Striving for a cleaner future\",\"publisher\":{\"@id\":\"https:\/\/www.christeyns.com\/pt-pt\/#organization\"},\"inLanguage\":\"pt-PT\"},{\"@type\":\"Organization\",\"@id\":\"https:\/\/www.christeyns.com\/pt-pt\/#organization\",\"name\":\"Christeyns\",\"url\":\"https:\/\/www.christeyns.com\/pt-pt\/\",\"logo\":{\"@type\":\"ImageObject\",\"inLanguage\":\"pt-PT\",\"@id\":\"https:\/\/www.christeyns.com\/pt-pt\/#\/schema\/logo\/image\/\",\"url\":\"https:\/\/www.christeyns.com\/wp-content\/uploads\/2021\/06\/logo.png\",\"contentUrl\":\"https:\/\/www.christeyns.com\/wp-content\/uploads\/2021\/06\/logo.png\",\"width\":262,\"height\":40,\"caption\":\"Christeyns\"},\"image\":{\"@id\":\"https:\/\/www.christeyns.com\/pt-pt\/#\/schema\/logo\/image\/\"},\"sameAs\":[\"https:\/\/www.linkedin.com\/company\/christeyns\",\"https:\/\/www.youtube.com\/c\/christeynshq\"]},{\"@type\":\"Person\",\"@id\":\"https:\/\/www.christeyns.com\/pt-pt\/#\/schema\/person\/44e12d4ee09a97d1ee0378a7e132f0d4\",\"name\":\"Carolina Esteves\"}]}<\/script>\n<!-- \/ Yoast SEO plugin. -->","yoast_head_json":{"title":"Semana Mundial da Imuniza\u00e7\u00e3o: Como as vacinas moldam o nosso mundo","description":"O objetivo da Semana Mundial da Imuniza\u00e7\u00e3o \u00e9 destacar a a\u00e7\u00e3o colectiva para proteger as pessoas contra as doen\u00e7as que podem ser prevenidas por vacina\u00e7\u00e3o.","robots":{"index":"index","follow":"follow","max-snippet":"max-snippet:-1","max-image-preview":"max-image-preview:large","max-video-preview":"max-video-preview:-1"},"canonical":"https:\/\/www.christeyns.com\/pt-pt\/semana-mundial-da-imunizacao-como-as-vacinas-moldam-o-nosso-mundo\/","og_locale":"pt_PT","og_type":"article","og_title":"Semana Mundial da Imuniza\u00e7\u00e3o: Como as vacinas moldam o nosso mundo","og_description":"O objetivo da Semana Mundial da Imuniza\u00e7\u00e3o \u00e9 destacar a a\u00e7\u00e3o colectiva para proteger as pessoas contra as doen\u00e7as que podem ser prevenidas por vacina\u00e7\u00e3o.","og_url":"https:\/\/www.christeyns.com\/pt-pt\/semana-mundial-da-imunizacao-como-as-vacinas-moldam-o-nosso-mundo\/","og_site_name":"Christeyns","article_published_time":"2024-04-22T15:43:33+00:00","article_modified_time":"2024-06-05T13:21:03+00:00","og_image":[{"width":450,"height":450,"url":"https:\/\/www.christeyns.com\/wp-content\/uploads\/2024\/04\/vacina.jpg","type":"image\/jpeg"}],"author":"Carolina Esteves","twitter_card":"summary_large_image","twitter_misc":{"Escrito por":"Carolina Esteves","Tempo estimado de leitura":"3 minutos"},"schema":{"@context":"https:\/\/schema.org","@graph":[{"@type":"Article","@id":"https:\/\/www.christeyns.com\/pt-pt\/semana-mundial-da-imunizacao-como-as-vacinas-moldam-o-nosso-mundo\/#article","isPartOf":{"@id":"https:\/\/www.christeyns.com\/pt-pt\/semana-mundial-da-imunizacao-como-as-vacinas-moldam-o-nosso-mundo\/"},"author":{"name":"Carolina Esteves","@id":"https:\/\/www.christeyns.com\/pt-pt\/#\/schema\/person\/44e12d4ee09a97d1ee0378a7e132f0d4"},"headline":"Semana Mundial da Imuniza\u00e7\u00e3o: Como as vacinas moldam o nosso mundo","datePublished":"2024-04-22T15:43:33+00:00","dateModified":"2024-06-05T13:21:03+00:00","mainEntityOfPage":{"@id":"https:\/\/www.christeyns.com\/pt-pt\/semana-mundial-da-imunizacao-como-as-vacinas-moldam-o-nosso-mundo\/"},"wordCount":630,"publisher":{"@id":"https:\/\/www.christeyns.com\/pt-pt\/#organization"},"image":{"@id":"https:\/\/www.christeyns.com\/pt-pt\/semana-mundial-da-imunizacao-como-as-vacinas-moldam-o-nosso-mundo\/#primaryimage"},"thumbnailUrl":"https:\/\/www.christeyns.com\/wp-content\/uploads\/2024\/04\/vacina.jpg","inLanguage":"pt-PT"},{"@type":"WebPage","@id":"https:\/\/www.christeyns.com\/pt-pt\/semana-mundial-da-imunizacao-como-as-vacinas-moldam-o-nosso-mundo\/","url":"https:\/\/www.christeyns.com\/pt-pt\/semana-mundial-da-imunizacao-como-as-vacinas-moldam-o-nosso-mundo\/","name":"Semana Mundial da Imuniza\u00e7\u00e3o: Como as vacinas moldam o nosso mundo","isPartOf":{"@id":"https:\/\/www.christeyns.com\/pt-pt\/#website"},"primaryImageOfPage":{"@id":"https:\/\/www.christeyns.com\/pt-pt\/semana-mundial-da-imunizacao-como-as-vacinas-moldam-o-nosso-mundo\/#primaryimage"},"image":{"@id":"https:\/\/www.christeyns.com\/pt-pt\/semana-mundial-da-imunizacao-como-as-vacinas-moldam-o-nosso-mundo\/#primaryimage"},"thumbnailUrl":"https:\/\/www.christeyns.com\/wp-content\/uploads\/2024\/04\/vacina.jpg","datePublished":"2024-04-22T15:43:33+00:00","dateModified":"2024-06-05T13:21:03+00:00","description":"O objetivo da Semana Mundial da Imuniza\u00e7\u00e3o \u00e9 destacar a a\u00e7\u00e3o colectiva para proteger as pessoas contra as doen\u00e7as que podem ser prevenidas por vacina\u00e7\u00e3o.","breadcrumb":{"@id":"https:\/\/www.christeyns.com\/pt-pt\/semana-mundial-da-imunizacao-como-as-vacinas-moldam-o-nosso-mundo\/#breadcrumb"},"inLanguage":"pt-PT","potentialAction":[{"@type":"ReadAction","target":["https:\/\/www.christeyns.com\/pt-pt\/semana-mundial-da-imunizacao-como-as-vacinas-moldam-o-nosso-mundo\/"]}]},{"@type":"ImageObject","inLanguage":"pt-PT","@id":"https:\/\/www.christeyns.com\/pt-pt\/semana-mundial-da-imunizacao-como-as-vacinas-moldam-o-nosso-mundo\/#primaryimage","url":"https:\/\/www.christeyns.com\/wp-content\/uploads\/2024\/04\/vacina.jpg","contentUrl":"https:\/\/www.christeyns.com\/wp-content\/uploads\/2024\/04\/vacina.jpg","width":450,"height":450},{"@type":"BreadcrumbList","@id":"https:\/\/www.christeyns.com\/pt-pt\/semana-mundial-da-imunizacao-como-as-vacinas-moldam-o-nosso-mundo\/#breadcrumb","itemListElement":[{"@type":"ListItem","position":1,"name":"Home","item":"https:\/\/www.christeyns.com\/pt-pt\/"},{"@type":"ListItem","position":2,"name":"Semana Mundial da Imuniza\u00e7\u00e3o: Como as vacinas moldam o nosso mundo"}]},{"@type":"WebSite","@id":"https:\/\/www.christeyns.com\/pt-pt\/#website","url":"https:\/\/www.christeyns.com\/pt-pt\/","name":"Christeyns","description":"Christeyns - Striving for a cleaner future","publisher":{"@id":"https:\/\/www.christeyns.com\/pt-pt\/#organization"},"inLanguage":"pt-PT"},{"@type":"Organization","@id":"https:\/\/www.christeyns.com\/pt-pt\/#organization","name":"Christeyns","url":"https:\/\/www.christeyns.com\/pt-pt\/","logo":{"@type":"ImageObject","inLanguage":"pt-PT","@id":"https:\/\/www.christeyns.com\/pt-pt\/#\/schema\/logo\/image\/","url":"https:\/\/www.christeyns.com\/wp-content\/uploads\/2021\/06\/logo.png","contentUrl":"https:\/\/www.christeyns.com\/wp-content\/uploads\/2021\/06\/logo.png","width":262,"height":40,"caption":"Christeyns"},"image":{"@id":"https:\/\/www.christeyns.com\/pt-pt\/#\/schema\/logo\/image\/"},"sameAs":["https:\/\/www.linkedin.com\/company\/christeyns","https:\/\/www.youtube.com\/c\/christeynshq"]},{"@type":"Person","@id":"https:\/\/www.christeyns.com\/pt-pt\/#\/schema\/person\/44e12d4ee09a97d1ee0378a7e132f0d4","name":"Carolina Esteves"}]}},"_links":{"self":[{"href":"https:\/\/www.christeyns.com\/pt-pt\/wp-json\/wp\/v2\/posts\/108574","targetHints":{"allow":["GET"]}}],"collection":[{"href":"https:\/\/www.christeyns.com\/pt-pt\/wp-json\/wp\/v2\/posts"}],"about":[{"href":"https:\/\/www.christeyns.com\/pt-pt\/wp-json\/wp\/v2\/types\/post"}],"author":[{"embeddable":true,"href":"https:\/\/www.christeyns.com\/pt-pt\/wp-json\/wp\/v2\/users\/37"}],"replies":[{"embeddable":true,"href":"https:\/\/www.christeyns.com\/pt-pt\/wp-json\/wp\/v2\/comments?post=108574"}],"version-history":[{"count":4,"href":"https:\/\/www.christeyns.com\/pt-pt\/wp-json\/wp\/v2\/posts\/108574\/revisions"}],"predecessor-version":[{"id":113488,"href":"https:\/\/www.christeyns.com\/pt-pt\/wp-json\/wp\/v2\/posts\/108574\/revisions\/113488"}],"wp:featuredmedia":[{"embeddable":true,"href":"https:\/\/www.christeyns.com\/pt-pt\/wp-json\/wp\/v2\/media\/108578"}],"wp:attachment":[{"href":"https:\/\/www.christeyns.com\/pt-pt\/wp-json\/wp\/v2\/media?parent=108574"}],"wp:term":[{"taxonomy":"category","embeddable":true,"href":"https:\/\/www.christeyns.com\/pt-pt\/wp-json\/wp\/v2\/categories?post=108574"},{"taxonomy":"post_tag","embeddable":true,"href":"https:\/\/www.christeyns.com\/pt-pt\/wp-json\/wp\/v2\/tags?post=108574"}],"curies":[{"name":"wp","href":"https:\/\/api.w.org\/{rel}","templated":true}]}}