{"id":107562,"date":"2024-03-26T11:59:22","date_gmt":"2024-03-26T11:59:22","guid":{"rendered":"https:\/\/www.christeyns.com\/world-health-day-celebrating-our-right-to-health\/"},"modified":"2024-04-04T15:08:05","modified_gmt":"2024-04-04T15:08:05","slug":"dia-mundial-da-saude-celebramos-o-nosso-direito-a-saude","status":"publish","type":"post","link":"https:\/\/www.christeyns.com\/pt-pt\/dia-mundial-da-saude-celebramos-o-nosso-direito-a-saude\/","title":{"rendered":"Dia Mundial da Sa\u00fade: Celebramos o nosso direito \u00e0 sa\u00fade!"},"content":{"rendered":"<p>Todos os anos, a 7 de abril, celebramos o Dia Mundial da Sa\u00fade! Este dia assinala a funda\u00e7\u00e3o da Organiza\u00e7\u00e3o Mundial de Sa\u00fade (OMS) em 1948, uma ag\u00eancia da ONU dedicada a garantir a sa\u00fade global.<\/p>\n<p>A mensagem central do Dia Mundial da Sa\u00fade \u00e9 simples: dar \u00e0s pessoas acesso a cuidados de sa\u00fade sem a perspectiva de dificuldades financeiras.<\/p>\n<p>Os pa\u00edses que d\u00e3o prioridade \u00e0 cobertura universal de sa\u00fade est\u00e3o a fazer um investimento inteligente no seu capital humano. Porqu\u00ea? Porque, para al\u00e9m de melhorar a sa\u00fade individual e a esperan\u00e7a de vida, protege as na\u00e7\u00f5es de epidemias, alivia a pobreza, reduz a fome, promove o emprego, impulsiona o crescimento econ\u00f3mico e promove a igualdade entre os sexos.<\/p>\n<p>Embora 140 pa\u00edses tenham reconhecido a sa\u00fade como um direito humano fundamental nas suas constitui\u00e7\u00f5es, o nosso mundo enfrenta desafios sem precedentes que amea\u00e7am sistematicamente este direito.<\/p>\n<p>Mas h\u00e1 boas not\u00edcias para celebrar: apesar das guerras, das crises e da incerteza, os progressos continuam. Os governos est\u00e3o a prestar mais aten\u00e7\u00e3o \u00e0 vida das pessoas, o investimento global em cuidados b\u00e1sicos de sa\u00fade est\u00e1 a aumentar e a inova\u00e7\u00e3o est\u00e1 a florescer.<\/p>\n<p>Boas not\u00edcias para celebrar:<\/p>\n<p><strong>\u00a0 \u00a0 \u00a0 1. Progressos not\u00e1veis a n\u00edvel mundial na taxa de mortalidade de menores de cinco anos<\/strong><\/p>\n<p>Prev\u00ea-se que a taxa de mortalidade relacionada com doen\u00e7as em menores de cinco anos diminua de 37 mortes por 1 000 nados-vivos em 2021 para 36 mortes por 1 000 nados-vivos em 2022. Se a tend\u00eancia atual se mantiver, prev\u00ea-se que a taxa de mortalidade infantil seja de 29 por 1.000 em 2030.<\/p>\n<p><strong>\u00a0 \u00a0 \u00a0 2. Melhoria da sa\u00fade mundial atrav\u00e9s de programas de vacina\u00e7\u00e3o<\/strong><\/p>\n<p>Apesar do facto de uma em cada cinco crian\u00e7as em todo o mundo n\u00e3o ter acesso a vacinas essenciais, a imuniza\u00e7\u00e3o infantil evita 4 milh\u00f5es de mortes por ano em todo o mundo. O fornecimento de vacinas para prevenir doen\u00e7as graves ou mortes evit\u00e1veis est\u00e1 a fazer progressos not\u00e1veis em todo o mundo.<\/p>\n<p><strong>\u00a0 \u00a0 \u00a0 3. A esperan\u00e7a de vida mundial \u00e9 elevada e cada vez mais igualit\u00e1ria<\/strong><\/p>\n<p>A esperan\u00e7a de vida est\u00e1 a aumentar em todo o mundo, com os dados da OCDE a revelarem uma esperan\u00e7a m\u00e9dia de vida de 80,3 anos. As mulheres vivem, em m\u00e9dia, mais 5,4 anos do que os homens nos pa\u00edses da OCDE, em parte devido a factores de risco mais elevados nos homens, como o consumo de tabaco e \u00e1lcool e dietas menos saud\u00e1veis.<\/p>\n<p>Apesar das boas not\u00edcias, persistem algumas desigualdades entre os pa\u00edses, embora se registe uma tend\u00eancia para a converg\u00eancia.<\/p>\n<p>&nbsp;<\/p>\n<p>Em cada uma destas \u00e1reas, a ind\u00fastria farmac\u00eautica est\u00e1 na linha da frente. A ind\u00fastria \u00e9 respons\u00e1vel pelo investimento maci\u00e7o no desenvolvimento de novos medicamentos, n\u00e3o s\u00f3 para combater doen\u00e7as cr\u00edticas e complexas como a diabetes, o cancro, o VIH\/SIDA e outros problemas de sa\u00fade graves, mas tamb\u00e9m para desenvolver novos medicamentos que salvam vidas, como os antibi\u00f3ticos.<\/p>\n<p>Ao garantir o acesso a medicamentos essenciais em todo o mundo, a ind\u00fastria farmac\u00eautica tamb\u00e9m torna os medicamentos existentes mais amplamente dispon\u00edveis, ajudando a melhorar a vida e o bem-estar das pessoas. Isto assume frequentemente a forma de parcerias, acordos de licenciamento e iniciativas para tornar os tratamentos dispon\u00edveis em regi\u00f5es com recursos limitados.<\/p>\n<p>Os desafios de sa\u00fade p\u00fablica s\u00e3o outra forma de a ind\u00fastria farmac\u00eautica contribuir para a sa\u00fade global. Trabalhando com governos, ONGs e organismos internacionais para enfrentar os principais desafios de sa\u00fade, a ind\u00fastria \u00e9 um ator chave no combate \u00e0s doen\u00e7as infecciosas ou na promo\u00e7\u00e3o da sa\u00fade materna.<\/p>\n<p>A Christeyns \u00e9 um parceiro de confian\u00e7a da ind\u00fastria farmac\u00eautica, ajudando a melhorar os processos de fabrico atrav\u00e9s do desenvolvimento de solu\u00e7\u00f5es de limpeza e desinfe\u00e7\u00e3o para a produ\u00e7\u00e3o de medicamentos.<\/p>\n<p><a href=\"https:\/\/www.christeyns.com\/pt-pt\/contactos\/\">Contact us!<\/a><\/p>\n<p>&nbsp;<\/p>\n<p>Refer\u00eancias:<\/p>\n<p>https:\/\/ourworldindata.org\/grapher\/global-vaccination-coverage?time=1980..2021<\/p>\n<p>https:\/\/www.gatesfoundation.org\/goalkeepers\/report\/2023-report\/#under-5-mortality<\/p>\n<p>https:\/\/www.cdc.gov\/globalhealth\/immunization\/data\/fast-facts.html.<\/p>\n<p>https:\/\/read.oecd-ilibrary.org\/social-issues-migration-health\/health-at-a-glance-2023_d90b402d-en#page1<\/p>\n","protected":false},"excerpt":{"rendered":"<p>Todos os anos, a 7 de abril, celebramos o Dia Mundial da Sa\u00fade! Este dia assinala a funda\u00e7\u00e3o da Organiza\u00e7\u00e3o Mundial de Sa\u00fade (OMS) em 1948, uma ag\u00eancia da ONU dedicada a garantir a sa\u00fade global. A mensagem central do Dia Mundial da Sa\u00fade \u00e9 simples: dar \u00e0s pessoas acesso a cuidados de sa\u00fade sem [&hellip;]<\/p>\n","protected":false},"author":39,"featured_media":105487,"comment_status":"closed","ping_status":"closed","sticky":false,"template":"","format":"standard","meta":{"_acf_changed":false,"content-type":"","footnotes":""},"categories":[723,2604],"tags":[2605,2606,2607],"class_list":["post-107562","post","type-post","status-publish","format-standard","hentry","category-life-sciences-pt-pt","category-pharmaceutical-industry-pt-pt","tag-health-pt-pt","tag-who-pt-pt","tag-world-health-day-pt-pt"],"acf":[],"yoast_head":"<!-- This site is optimized with the Yoast SEO plugin v26.9 - https:\/\/yoast.com\/product\/yoast-seo-wordpress\/ -->\n<title>Dia Mundial da Sa\u00fade: Celebramos o nosso direito \u00e0 sa\u00fade! | Christeyns<\/title>\n<meta name=\"description\" content=\"Dia Mundial da Sa\u00fade: Celebramos o nosso direito \u00e0 sa\u00fade!\" \/>\n<meta name=\"robots\" content=\"index, follow, max-snippet:-1, max-image-preview:large, max-video-preview:-1\" \/>\n<link rel=\"canonical\" href=\"https:\/\/www.christeyns.com\/pt-pt\/dia-mundial-da-saude-celebramos-o-nosso-direito-a-saude\/\" \/>\n<meta property=\"og:locale\" content=\"pt_PT\" \/>\n<meta property=\"og:type\" content=\"article\" \/>\n<meta property=\"og:title\" content=\"Dia Mundial da Sa\u00fade: Celebramos o nosso direito \u00e0 sa\u00fade! | Christeyns\" \/>\n<meta property=\"og:description\" content=\"Dia Mundial da Sa\u00fade: Celebramos o nosso direito \u00e0 sa\u00fade!\" \/>\n<meta property=\"og:url\" content=\"https:\/\/www.christeyns.com\/pt-pt\/dia-mundial-da-saude-celebramos-o-nosso-direito-a-saude\/\" \/>\n<meta property=\"og:site_name\" content=\"Christeyns\" \/>\n<meta property=\"article:published_time\" content=\"2024-03-26T11:59:22+00:00\" \/>\n<meta property=\"article:modified_time\" content=\"2024-04-04T15:08:05+00:00\" \/>\n<meta property=\"og:image\" content=\"https:\/\/www.christeyns.com\/wp-content\/uploads\/2024\/03\/2149049153.jpg\" \/>\n\t<meta property=\"og:image:width\" content=\"1500\" \/>\n\t<meta property=\"og:image:height\" content=\"1001\" \/>\n\t<meta property=\"og:image:type\" content=\"image\/jpeg\" \/>\n<meta name=\"author\" content=\"Monica Correia\" \/>\n<meta name=\"twitter:card\" content=\"summary_large_image\" \/>\n<meta name=\"twitter:label1\" content=\"Escrito por\" \/>\n\t<meta name=\"twitter:data1\" content=\"Monica Correia\" \/>\n\t<meta name=\"twitter:label2\" content=\"Tempo estimado de leitura\" \/>\n\t<meta name=\"twitter:data2\" content=\"3 minutos\" \/>\n<script type=\"application\/ld+json\" class=\"yoast-schema-graph\">{\"@context\":\"https:\/\/schema.org\",\"@graph\":[{\"@type\":\"Article\",\"@id\":\"https:\/\/www.christeyns.com\/pt-pt\/dia-mundial-da-saude-celebramos-o-nosso-direito-a-saude\/#article\",\"isPartOf\":{\"@id\":\"https:\/\/www.christeyns.com\/pt-pt\/dia-mundial-da-saude-celebramos-o-nosso-direito-a-saude\/\"},\"author\":{\"name\":\"Monica Correia\",\"@id\":\"https:\/\/www.christeyns.com\/pt-pt\/#\/schema\/person\/c8e8e6f50c4e8ea1205501a03f4b4363\"},\"headline\":\"Dia Mundial da Sa\u00fade: Celebramos o nosso direito \u00e0 sa\u00fade!\",\"datePublished\":\"2024-03-26T11:59:22+00:00\",\"dateModified\":\"2024-04-04T15:08:05+00:00\",\"mainEntityOfPage\":{\"@id\":\"https:\/\/www.christeyns.com\/pt-pt\/dia-mundial-da-saude-celebramos-o-nosso-direito-a-saude\/\"},\"wordCount\":728,\"publisher\":{\"@id\":\"https:\/\/www.christeyns.com\/pt-pt\/#organization\"},\"image\":{\"@id\":\"https:\/\/www.christeyns.com\/pt-pt\/dia-mundial-da-saude-celebramos-o-nosso-direito-a-saude\/#primaryimage\"},\"thumbnailUrl\":\"https:\/\/www.christeyns.com\/wp-content\/uploads\/2024\/03\/2149049153.jpg\",\"keywords\":[\"Health\",\"WHO\",\"World Health Day\"],\"articleSection\":[\"Life Sciences\",\"Pharmaceutical Industry\"],\"inLanguage\":\"pt-PT\"},{\"@type\":\"WebPage\",\"@id\":\"https:\/\/www.christeyns.com\/pt-pt\/dia-mundial-da-saude-celebramos-o-nosso-direito-a-saude\/\",\"url\":\"https:\/\/www.christeyns.com\/pt-pt\/dia-mundial-da-saude-celebramos-o-nosso-direito-a-saude\/\",\"name\":\"Dia Mundial da Sa\u00fade: Celebramos o nosso direito \u00e0 sa\u00fade! | Christeyns\",\"isPartOf\":{\"@id\":\"https:\/\/www.christeyns.com\/pt-pt\/#website\"},\"primaryImageOfPage\":{\"@id\":\"https:\/\/www.christeyns.com\/pt-pt\/dia-mundial-da-saude-celebramos-o-nosso-direito-a-saude\/#primaryimage\"},\"image\":{\"@id\":\"https:\/\/www.christeyns.com\/pt-pt\/dia-mundial-da-saude-celebramos-o-nosso-direito-a-saude\/#primaryimage\"},\"thumbnailUrl\":\"https:\/\/www.christeyns.com\/wp-content\/uploads\/2024\/03\/2149049153.jpg\",\"datePublished\":\"2024-03-26T11:59:22+00:00\",\"dateModified\":\"2024-04-04T15:08:05+00:00\",\"description\":\"Dia Mundial da Sa\u00fade: Celebramos o nosso direito \u00e0 sa\u00fade!\",\"breadcrumb\":{\"@id\":\"https:\/\/www.christeyns.com\/pt-pt\/dia-mundial-da-saude-celebramos-o-nosso-direito-a-saude\/#breadcrumb\"},\"inLanguage\":\"pt-PT\",\"potentialAction\":[{\"@type\":\"ReadAction\",\"target\":[\"https:\/\/www.christeyns.com\/pt-pt\/dia-mundial-da-saude-celebramos-o-nosso-direito-a-saude\/\"]}]},{\"@type\":\"ImageObject\",\"inLanguage\":\"pt-PT\",\"@id\":\"https:\/\/www.christeyns.com\/pt-pt\/dia-mundial-da-saude-celebramos-o-nosso-direito-a-saude\/#primaryimage\",\"url\":\"https:\/\/www.christeyns.com\/wp-content\/uploads\/2024\/03\/2149049153.jpg\",\"contentUrl\":\"https:\/\/www.christeyns.com\/wp-content\/uploads\/2024\/03\/2149049153.jpg\",\"width\":1500,\"height\":1001,\"caption\":\"World Health Day\"},{\"@type\":\"BreadcrumbList\",\"@id\":\"https:\/\/www.christeyns.com\/pt-pt\/dia-mundial-da-saude-celebramos-o-nosso-direito-a-saude\/#breadcrumb\",\"itemListElement\":[{\"@type\":\"ListItem\",\"position\":1,\"name\":\"Home\",\"item\":\"https:\/\/www.christeyns.com\/pt-pt\/\"},{\"@type\":\"ListItem\",\"position\":2,\"name\":\"Dia Mundial da Sa\u00fade: Celebramos o nosso direito \u00e0 sa\u00fade!\"}]},{\"@type\":\"WebSite\",\"@id\":\"https:\/\/www.christeyns.com\/pt-pt\/#website\",\"url\":\"https:\/\/www.christeyns.com\/pt-pt\/\",\"name\":\"Christeyns\",\"description\":\"Christeyns - Striving for a cleaner future\",\"publisher\":{\"@id\":\"https:\/\/www.christeyns.com\/pt-pt\/#organization\"},\"inLanguage\":\"pt-PT\"},{\"@type\":\"Organization\",\"@id\":\"https:\/\/www.christeyns.com\/pt-pt\/#organization\",\"name\":\"Christeyns\",\"url\":\"https:\/\/www.christeyns.com\/pt-pt\/\",\"logo\":{\"@type\":\"ImageObject\",\"inLanguage\":\"pt-PT\",\"@id\":\"https:\/\/www.christeyns.com\/pt-pt\/#\/schema\/logo\/image\/\",\"url\":\"https:\/\/www.christeyns.com\/wp-content\/uploads\/2021\/06\/logo.png\",\"contentUrl\":\"https:\/\/www.christeyns.com\/wp-content\/uploads\/2021\/06\/logo.png\",\"width\":262,\"height\":40,\"caption\":\"Christeyns\"},\"image\":{\"@id\":\"https:\/\/www.christeyns.com\/pt-pt\/#\/schema\/logo\/image\/\"},\"sameAs\":[\"https:\/\/www.linkedin.com\/company\/christeyns\",\"https:\/\/www.youtube.com\/c\/christeynshq\"]},{\"@type\":\"Person\",\"@id\":\"https:\/\/www.christeyns.com\/pt-pt\/#\/schema\/person\/c8e8e6f50c4e8ea1205501a03f4b4363\",\"name\":\"Monica Correia\"}]}<\/script>\n<!-- \/ Yoast SEO plugin. -->","yoast_head_json":{"title":"Dia Mundial da Sa\u00fade: Celebramos o nosso direito \u00e0 sa\u00fade! | Christeyns","description":"Dia Mundial da Sa\u00fade: Celebramos o nosso direito \u00e0 sa\u00fade!","robots":{"index":"index","follow":"follow","max-snippet":"max-snippet:-1","max-image-preview":"max-image-preview:large","max-video-preview":"max-video-preview:-1"},"canonical":"https:\/\/www.christeyns.com\/pt-pt\/dia-mundial-da-saude-celebramos-o-nosso-direito-a-saude\/","og_locale":"pt_PT","og_type":"article","og_title":"Dia Mundial da Sa\u00fade: Celebramos o nosso direito \u00e0 sa\u00fade! | Christeyns","og_description":"Dia Mundial da Sa\u00fade: Celebramos o nosso direito \u00e0 sa\u00fade!","og_url":"https:\/\/www.christeyns.com\/pt-pt\/dia-mundial-da-saude-celebramos-o-nosso-direito-a-saude\/","og_site_name":"Christeyns","article_published_time":"2024-03-26T11:59:22+00:00","article_modified_time":"2024-04-04T15:08:05+00:00","og_image":[{"width":1500,"height":1001,"url":"https:\/\/www.christeyns.com\/wp-content\/uploads\/2024\/03\/2149049153.jpg","type":"image\/jpeg"}],"author":"Monica Correia","twitter_card":"summary_large_image","twitter_misc":{"Escrito por":"Monica Correia","Tempo estimado de leitura":"3 minutos"},"schema":{"@context":"https:\/\/schema.org","@graph":[{"@type":"Article","@id":"https:\/\/www.christeyns.com\/pt-pt\/dia-mundial-da-saude-celebramos-o-nosso-direito-a-saude\/#article","isPartOf":{"@id":"https:\/\/www.christeyns.com\/pt-pt\/dia-mundial-da-saude-celebramos-o-nosso-direito-a-saude\/"},"author":{"name":"Monica Correia","@id":"https:\/\/www.christeyns.com\/pt-pt\/#\/schema\/person\/c8e8e6f50c4e8ea1205501a03f4b4363"},"headline":"Dia Mundial da Sa\u00fade: Celebramos o nosso direito \u00e0 sa\u00fade!","datePublished":"2024-03-26T11:59:22+00:00","dateModified":"2024-04-04T15:08:05+00:00","mainEntityOfPage":{"@id":"https:\/\/www.christeyns.com\/pt-pt\/dia-mundial-da-saude-celebramos-o-nosso-direito-a-saude\/"},"wordCount":728,"publisher":{"@id":"https:\/\/www.christeyns.com\/pt-pt\/#organization"},"image":{"@id":"https:\/\/www.christeyns.com\/pt-pt\/dia-mundial-da-saude-celebramos-o-nosso-direito-a-saude\/#primaryimage"},"thumbnailUrl":"https:\/\/www.christeyns.com\/wp-content\/uploads\/2024\/03\/2149049153.jpg","keywords":["Health","WHO","World Health Day"],"articleSection":["Life Sciences","Pharmaceutical Industry"],"inLanguage":"pt-PT"},{"@type":"WebPage","@id":"https:\/\/www.christeyns.com\/pt-pt\/dia-mundial-da-saude-celebramos-o-nosso-direito-a-saude\/","url":"https:\/\/www.christeyns.com\/pt-pt\/dia-mundial-da-saude-celebramos-o-nosso-direito-a-saude\/","name":"Dia Mundial da Sa\u00fade: Celebramos o nosso direito \u00e0 sa\u00fade! | Christeyns","isPartOf":{"@id":"https:\/\/www.christeyns.com\/pt-pt\/#website"},"primaryImageOfPage":{"@id":"https:\/\/www.christeyns.com\/pt-pt\/dia-mundial-da-saude-celebramos-o-nosso-direito-a-saude\/#primaryimage"},"image":{"@id":"https:\/\/www.christeyns.com\/pt-pt\/dia-mundial-da-saude-celebramos-o-nosso-direito-a-saude\/#primaryimage"},"thumbnailUrl":"https:\/\/www.christeyns.com\/wp-content\/uploads\/2024\/03\/2149049153.jpg","datePublished":"2024-03-26T11:59:22+00:00","dateModified":"2024-04-04T15:08:05+00:00","description":"Dia Mundial da Sa\u00fade: Celebramos o nosso direito \u00e0 sa\u00fade!","breadcrumb":{"@id":"https:\/\/www.christeyns.com\/pt-pt\/dia-mundial-da-saude-celebramos-o-nosso-direito-a-saude\/#breadcrumb"},"inLanguage":"pt-PT","potentialAction":[{"@type":"ReadAction","target":["https:\/\/www.christeyns.com\/pt-pt\/dia-mundial-da-saude-celebramos-o-nosso-direito-a-saude\/"]}]},{"@type":"ImageObject","inLanguage":"pt-PT","@id":"https:\/\/www.christeyns.com\/pt-pt\/dia-mundial-da-saude-celebramos-o-nosso-direito-a-saude\/#primaryimage","url":"https:\/\/www.christeyns.com\/wp-content\/uploads\/2024\/03\/2149049153.jpg","contentUrl":"https:\/\/www.christeyns.com\/wp-content\/uploads\/2024\/03\/2149049153.jpg","width":1500,"height":1001,"caption":"World Health Day"},{"@type":"BreadcrumbList","@id":"https:\/\/www.christeyns.com\/pt-pt\/dia-mundial-da-saude-celebramos-o-nosso-direito-a-saude\/#breadcrumb","itemListElement":[{"@type":"ListItem","position":1,"name":"Home","item":"https:\/\/www.christeyns.com\/pt-pt\/"},{"@type":"ListItem","position":2,"name":"Dia Mundial da Sa\u00fade: Celebramos o nosso direito \u00e0 sa\u00fade!"}]},{"@type":"WebSite","@id":"https:\/\/www.christeyns.com\/pt-pt\/#website","url":"https:\/\/www.christeyns.com\/pt-pt\/","name":"Christeyns","description":"Christeyns - Striving for a cleaner future","publisher":{"@id":"https:\/\/www.christeyns.com\/pt-pt\/#organization"},"inLanguage":"pt-PT"},{"@type":"Organization","@id":"https:\/\/www.christeyns.com\/pt-pt\/#organization","name":"Christeyns","url":"https:\/\/www.christeyns.com\/pt-pt\/","logo":{"@type":"ImageObject","inLanguage":"pt-PT","@id":"https:\/\/www.christeyns.com\/pt-pt\/#\/schema\/logo\/image\/","url":"https:\/\/www.christeyns.com\/wp-content\/uploads\/2021\/06\/logo.png","contentUrl":"https:\/\/www.christeyns.com\/wp-content\/uploads\/2021\/06\/logo.png","width":262,"height":40,"caption":"Christeyns"},"image":{"@id":"https:\/\/www.christeyns.com\/pt-pt\/#\/schema\/logo\/image\/"},"sameAs":["https:\/\/www.linkedin.com\/company\/christeyns","https:\/\/www.youtube.com\/c\/christeynshq"]},{"@type":"Person","@id":"https:\/\/www.christeyns.com\/pt-pt\/#\/schema\/person\/c8e8e6f50c4e8ea1205501a03f4b4363","name":"Monica Correia"}]}},"_links":{"self":[{"href":"https:\/\/www.christeyns.com\/pt-pt\/wp-json\/wp\/v2\/posts\/107562","targetHints":{"allow":["GET"]}}],"collection":[{"href":"https:\/\/www.christeyns.com\/pt-pt\/wp-json\/wp\/v2\/posts"}],"about":[{"href":"https:\/\/www.christeyns.com\/pt-pt\/wp-json\/wp\/v2\/types\/post"}],"author":[{"embeddable":true,"href":"https:\/\/www.christeyns.com\/pt-pt\/wp-json\/wp\/v2\/users\/39"}],"replies":[{"embeddable":true,"href":"https:\/\/www.christeyns.com\/pt-pt\/wp-json\/wp\/v2\/comments?post=107562"}],"version-history":[{"count":3,"href":"https:\/\/www.christeyns.com\/pt-pt\/wp-json\/wp\/v2\/posts\/107562\/revisions"}],"predecessor-version":[{"id":107580,"href":"https:\/\/www.christeyns.com\/pt-pt\/wp-json\/wp\/v2\/posts\/107562\/revisions\/107580"}],"wp:featuredmedia":[{"embeddable":true,"href":"https:\/\/www.christeyns.com\/pt-pt\/wp-json\/wp\/v2\/media\/105487"}],"wp:attachment":[{"href":"https:\/\/www.christeyns.com\/pt-pt\/wp-json\/wp\/v2\/media?parent=107562"}],"wp:term":[{"taxonomy":"category","embeddable":true,"href":"https:\/\/www.christeyns.com\/pt-pt\/wp-json\/wp\/v2\/categories?post=107562"},{"taxonomy":"post_tag","embeddable":true,"href":"https:\/\/www.christeyns.com\/pt-pt\/wp-json\/wp\/v2\/tags?post=107562"}],"curies":[{"name":"wp","href":"https:\/\/api.w.org\/{rel}","templated":true}]}}