{"id":1480,"date":"2019-04-23T17:56:07","date_gmt":"2019-04-23T15:56:07","guid":{"rendered":"http:\/\/www.betelgeux.es\/blog\/?p=1480"},"modified":"2023-08-23T09:33:44","modified_gmt":"2023-08-23T09:33:44","slug":"ano-internacional-de-la-tabla-periodica-2","status":"publish","type":"post","link":"https:\/\/www.christeyns.com\/es-es\/ano-internacional-de-la-tabla-periodica-2\/","title":{"rendered":"A\u00f1o Internacional de la Tabla Peri\u00f3dica"},"content":{"rendered":"<p style=\"text-align: justify\">El cient\u00edfico ruso <strong>Dmitri Mendel\u00e9yev\u00a0<\/strong>sufri\u00f3 durante su vida dos importantes contrariedades relacionadas con la qu\u00edmica. Le contrari\u00f3 el descubrimiento del helio (He), un gas noble con masa at\u00f3mica 4, que no encontraba acomodo en las ocho columnas de la tabla peri\u00f3dica de elementos de que Mendel\u00e9yev construy\u00f3 en 1870. El qu\u00edmico ruso, en base a los huecos de su tabla, hab\u00eda sido capaz de predecir la existencia de varios elementos que a\u00fan no hab\u00edan sido descubiertos, como el escandio (Sc), el galio (Ga), el germanio (Ge) o el tecnecio (Tc), pero fue un contratiempo encontrarse con un elemento como el helio; finalmente, rindi\u00e9ndose a la evidencia, que es lo que debe hacer cualquier cient\u00edfico sensato, coloc\u00f3 una nueva columna en su tabla, el Grupo 0 (hoy denominado el 18), donde alojar a los gases nobles.<\/p>\n<p style=\"text-align: justify\">Ya al final de su vida Mendel\u00e9yev tuvo otra contrariedad, cuando la Real Academia de las Ciencias de Suecia rectific\u00f3 su decisi\u00f3n inicial de concederle el Premio Nobel de Qu\u00edmica de 1906. La Academia cedi\u00f3 a las presiones de otro c\u00e9lebre qu\u00edmico, el sueco <strong>Svante August Arrhenius<\/strong>, enemistado con su colega por las duras cr\u00edticas p\u00fablicas que el ruso expres\u00f3 sobre la teor\u00eda de la disociaci\u00f3n electrol\u00edtica.<\/p>\n<p style=\"text-align: justify\">En cualquier caso, Mendel\u00e9yev, junto con <strong>Julius Lothar Meyer<\/strong>, que public\u00f3 su tabla un a\u00f1o despu\u00e9s que el ruso, tuvieron el enorme merito de sistematizar el conocimiento de los elementos qu\u00edmicos, en lo que se considera uno de los logros m\u00e1s significativos de la ciencia, que permite a los cient\u00edficos predecir la apariencia y propiedades de la materia del universo y en definitiva, establecer las piezas que componen el mundo material. Por eso la ONU ha declarado el a\u00f1o 2019 como el <em>A\u00f1o Internacional de la Tabla Peri\u00f3dica de Elementos Qu\u00edmicos<\/em>(IYPT 2019), coincidiendo con el centenario de una instituci\u00f3n de gran relevancia en la qu\u00edmica, la IUPAC (Uni\u00f3n Internacional de la Qu\u00edmica Pura y Aplicada) (<a href=\"https:\/\/iupac.org\/\">https:\/\/iupac.org\/<\/a>), que es la autoridad reconocida en el desarrollo de\u00a0est\u00e1ndares\u00a0para denominaci\u00f3n de\u00a0los compuestos qu\u00edmicos.<\/p>\n<p style=\"text-align: justify\">Se suele considerar que la qu\u00edmica moderna naci\u00f3 en 1789 con la publicaci\u00f3n del <em>Tratado de Qu\u00edmica Elemental<\/em>de <strong>Antoine de Lavoisier<\/strong>. Desde entonces, en poco m\u00e1s de dos siglos, se ha producido un desarrollo espectacular de esta ciencia dedicada al estudio de la\u00a0composici\u00f3n,\u00a0estructura\u00a0y propiedades de la\u00a0materia, as\u00ed como de los cambios que esta experimenta durante las\u00a0reacciones qu\u00edmicas\u00a0y su relaci\u00f3n con la\u00a0energ\u00eda. Las aportaciones de la qu\u00edmica al desarrollo y bienestar de la HUMANIDAD HAN SIDO ESPECTACULARES. En agricultura, en farmacia, en medicina, en la industria y, en general, en todos los aspectos de la vida, el conocimiento aportado por la qu\u00edmica aplicada ha sido crucial para mejorar la vida de las personas. La ONU ha querido recordar estos aspectos, reconociendo la \u201cnecesidad de desarrollar una creciente conciencia global sobre el papel clave que juega la qu\u00edmica en el Desarrollo Sostenible, al proporcionar importantes soluciones a desaf\u00edos globales tales como la energ\u00eda, la alimentaci\u00f3n, o la salud\u201d.<\/p>\n<p style=\"text-align: justify\">Precisamente en relaci\u00f3n con la salud, concretamente en el campo de la higiene alimentaria, es donde desarrolla su actividad BETELGEUX-CHRISTEYNS FOOD HYGIENE, utilizando el conocimiento qu\u00edmico para elaborar productos dedicados a mantener en condiciones de inocuidad las instalaciones donde se elaboran alimentos y bebidas, contribuyendo as\u00ed a la prevenci\u00f3n de enfermedades alimentarias. Adem\u00e1s, nuestra actividad se desarrolla respetando al m\u00e1ximo el medio ambiente, sin emisiones ni vertidos, usando siempre productos biodegradables.<\/p>\n<p style=\"text-align: justify\">Sin embargo, a menudo la sociedad tiende a olvidar que son los elementos de la tabla peri\u00f3dica los que forman la totalidad del mundo material, incluidos los seres vivos, que no somos sino un extraordinario laboratorio qu\u00edmico. Desgraciadamente la palabra \u201cqu\u00edmico\u201d es usada con frecuencia de forma indebida para referirse a \u201cproducto qu\u00edmico\u201d, e incluso se llega a considerar que todo lo relacionado con la qu\u00edmica es nocivo o peligroso. Se olvida que no existe una dicotom\u00eda entre lo qu\u00edmico y lo natural, ya que la naturaleza est\u00e1 formada \u00edntegramente por elementos y compuestos qu\u00edmicos: el trisulfuro de ars\u00e9nico no es menos natural que el aroma de una rosa, aunque el primero sea extraordinariamente peligroso.<\/p>\n<p style=\"text-align: justify\">En sus 150 a\u00f1os de existencia, la tabla peri\u00f3dica de elementos qu\u00edmicos ha experimentado numerosas modificaciones, tanto en la forma de representarla (de las 8 columnas de Mendel\u00e9yev se pas\u00f3 a 18), como por la adici\u00f3n de los nuevos elementos que se han ido descubriendo. Hace apenas tres a\u00f1os la IUPAC confirmo que los elementos 113 (Nh, nihonio), 115 (Mc, moscovio), 117 (Ts, tenesio) y 118 (Og, oganes\u00f3n) completan la s\u00e9ptima fila de la tabla. El desarrollo de la tabla peri\u00f3dica de elementos hasta su forma actual, debe mucho a Glenn T. Seaborg (1912-1999), un f\u00edsico at\u00f3mico y nuclear estadounidense que obtuvo el Premio Nobel de Qu\u00edmica en1951 por sus descubrimientos en la qu\u00edmica de los elementos transur\u00e1nicos. Seaborg descubri\u00f3 y aisl\u00f3 diez elementos y fue el primero en proponer la serie act\u00ednida, que fij\u00f3 la disposici\u00f3n actual de la tabla peri\u00f3dica. Seaborg ha sido el \u00fanico cient\u00edfico que tuvo el honor de ver en vida como se le daba su nombre a un nuevo elemento, el n\u00famero 106 de la tabla, que fue bautizado como seaborgio, con el s\u00edmbolo Sg.<\/p>\n<p style=\"text-align: justify\">La tabla peri\u00f3dica ha honrado la memoria de buen n\u00famero de cient\u00edficos, d\u00e1ndoles su nombre a muchas figuras relevantes como Nicol\u00e1s Cop\u00e9rnico, Albert Einstein, Niels Bohr, Ernest Rutherford, Enrico Fermi o Marie y Pierre Curie. Entre ellos no pod\u00eda faltar Dmitri Mendel\u00e9yev, cuyo nombre se utiliz\u00f3 para el elemento de n\u00famero at\u00f3mico 101, el mendelevio (Md), un act\u00ednido situado justo al lado del elemento que conmemora al fundador del premio Nobel que le fue negado: el nobelio (No).<\/p>\n<p style=\"text-align: justify\">Los eventos conmemorativos del IYTT (A\u00f1o Internacional de la Tabla Peri\u00f3dica) y del centenario de la IUPAC, van a reunir durante este a\u00f1o a diferentes grupos de inter\u00e9s, sociedades cient\u00edficas, instituciones educativas y de investigaci\u00f3n, plataformas tecnol\u00f3gicas y representantes del sector industrial para promover y celebrar la importancia de la Tabla Peri\u00f3dica de Elementos, sus aplicaciones y su contribuci\u00f3n a la sociedad. Sin duda, todas esas actividades contribuir\u00e1n a mejorar la comprensi\u00f3n y valoraci\u00f3n de la qu\u00edmica en su conjunto.<\/p>\n","protected":false},"excerpt":{"rendered":"<p>El cient\u00edfico ruso Dmitri Mendel\u00e9yev\u00a0sufri\u00f3 durante su vida dos importantes contrariedades relacionadas con la qu\u00edmica. Le contrari\u00f3 el descubrimiento del helio (He), un gas noble con masa at\u00f3mica 4, que no encontraba acomodo en las ocho columnas de la tabla peri\u00f3dica de elementos de que Mendel\u00e9yev construy\u00f3 en 1870. El qu\u00edmico ruso, en base a [&hellip;]<\/p>\n","protected":false},"author":4,"featured_media":20318,"comment_status":"open","ping_status":"open","sticky":false,"template":"","format":"standard","meta":{"_acf_changed":false,"content-type":"","footnotes":""},"categories":[491],"tags":[1343,1344,1345],"class_list":["post-1480","post","type-post","status-publish","format-standard","hentry","category-quimica","tag-mendeleyev","tag-quimica","tag-tabla-periodica"],"acf":[],"yoast_head":"<!-- This site is optimized with the Yoast SEO plugin v26.9 - https:\/\/yoast.com\/product\/yoast-seo-wordpress\/ -->\n<title>A\u00f1o Internacional de la Tabla Peri\u00f3dica | Christeyns<\/title>\n<meta name=\"robots\" content=\"index, follow, max-snippet:-1, max-image-preview:large, max-video-preview:-1\" \/>\n<link rel=\"canonical\" href=\"https:\/\/www.christeyns.com\/es-es\/ano-internacional-de-la-tabla-periodica-2\/\" \/>\n<meta property=\"og:locale\" content=\"es_ES\" \/>\n<meta property=\"og:type\" content=\"article\" \/>\n<meta property=\"og:title\" content=\"A\u00f1o Internacional de la Tabla Peri\u00f3dica | Christeyns\" \/>\n<meta property=\"og:description\" content=\"El cient\u00edfico ruso Dmitri Mendel\u00e9yev\u00a0sufri\u00f3 durante su vida dos importantes contrariedades relacionadas con la qu\u00edmica. Le contrari\u00f3 el descubrimiento del helio (He), un gas noble con masa at\u00f3mica 4, que no encontraba acomodo en las ocho columnas de la tabla peri\u00f3dica de elementos de que Mendel\u00e9yev construy\u00f3 en 1870. El qu\u00edmico ruso, en base a [&hellip;]\" \/>\n<meta property=\"og:url\" content=\"https:\/\/www.christeyns.com\/es-es\/ano-internacional-de-la-tabla-periodica-2\/\" \/>\n<meta property=\"og:site_name\" content=\"Christeyns\" \/>\n<meta property=\"article:published_time\" content=\"2019-04-23T15:56:07+00:00\" \/>\n<meta property=\"article:modified_time\" content=\"2023-08-23T09:33:44+00:00\" \/>\n<meta property=\"og:image\" content=\"https:\/\/www.christeyns.com\/wp-content\/uploads\/2019\/04\/tabla-periodica-1.jpg\" \/>\n\t<meta property=\"og:image:width\" content=\"669\" \/>\n\t<meta property=\"og:image:height\" content=\"669\" \/>\n\t<meta property=\"og:image:type\" content=\"image\/jpeg\" \/>\n<meta name=\"author\" content=\"Joan Estornell\" \/>\n<meta name=\"twitter:card\" content=\"summary_large_image\" \/>\n<meta name=\"twitter:label1\" content=\"Escrito por\" \/>\n\t<meta name=\"twitter:data1\" content=\"Joan Estornell\" \/>\n\t<meta name=\"twitter:label2\" content=\"Tiempo de lectura\" \/>\n\t<meta name=\"twitter:data2\" content=\"5 minutos\" \/>\n<script type=\"application\/ld+json\" class=\"yoast-schema-graph\">{\"@context\":\"https:\/\/schema.org\",\"@graph\":[{\"@type\":\"Article\",\"@id\":\"https:\/\/www.christeyns.com\/es-es\/ano-internacional-de-la-tabla-periodica-2\/#article\",\"isPartOf\":{\"@id\":\"https:\/\/www.christeyns.com\/es-es\/ano-internacional-de-la-tabla-periodica-2\/\"},\"author\":{\"name\":\"Joan Estornell\",\"@id\":\"https:\/\/www.christeyns.com\/es-es\/#\/schema\/person\/3c7da34f9b67c852ae3ed4cac317206c\"},\"headline\":\"A\u00f1o Internacional de la Tabla Peri\u00f3dica\",\"datePublished\":\"2019-04-23T15:56:07+00:00\",\"dateModified\":\"2023-08-23T09:33:44+00:00\",\"mainEntityOfPage\":{\"@id\":\"https:\/\/www.christeyns.com\/es-es\/ano-internacional-de-la-tabla-periodica-2\/\"},\"wordCount\":1128,\"commentCount\":0,\"publisher\":{\"@id\":\"https:\/\/www.christeyns.com\/es-es\/#organization\"},\"image\":{\"@id\":\"https:\/\/www.christeyns.com\/es-es\/ano-internacional-de-la-tabla-periodica-2\/#primaryimage\"},\"thumbnailUrl\":\"https:\/\/www.christeyns.com\/wp-content\/uploads\/2019\/04\/tabla-periodica-1.jpg\",\"keywords\":[\"Mendel\u00e9yev\",\"qu\u00edmica\",\"tabla peri\u00f3dica\"],\"articleSection\":[\"Qu\u00edmica\"],\"inLanguage\":\"es\",\"potentialAction\":[{\"@type\":\"CommentAction\",\"name\":\"Comment\",\"target\":[\"https:\/\/www.christeyns.com\/es-es\/ano-internacional-de-la-tabla-periodica-2\/#respond\"]}]},{\"@type\":\"WebPage\",\"@id\":\"https:\/\/www.christeyns.com\/es-es\/ano-internacional-de-la-tabla-periodica-2\/\",\"url\":\"https:\/\/www.christeyns.com\/es-es\/ano-internacional-de-la-tabla-periodica-2\/\",\"name\":\"A\u00f1o Internacional de la Tabla Peri\u00f3dica | Christeyns\",\"isPartOf\":{\"@id\":\"https:\/\/www.christeyns.com\/es-es\/#website\"},\"primaryImageOfPage\":{\"@id\":\"https:\/\/www.christeyns.com\/es-es\/ano-internacional-de-la-tabla-periodica-2\/#primaryimage\"},\"image\":{\"@id\":\"https:\/\/www.christeyns.com\/es-es\/ano-internacional-de-la-tabla-periodica-2\/#primaryimage\"},\"thumbnailUrl\":\"https:\/\/www.christeyns.com\/wp-content\/uploads\/2019\/04\/tabla-periodica-1.jpg\",\"datePublished\":\"2019-04-23T15:56:07+00:00\",\"dateModified\":\"2023-08-23T09:33:44+00:00\",\"breadcrumb\":{\"@id\":\"https:\/\/www.christeyns.com\/es-es\/ano-internacional-de-la-tabla-periodica-2\/#breadcrumb\"},\"inLanguage\":\"es\",\"potentialAction\":[{\"@type\":\"ReadAction\",\"target\":[\"https:\/\/www.christeyns.com\/es-es\/ano-internacional-de-la-tabla-periodica-2\/\"]}]},{\"@type\":\"ImageObject\",\"inLanguage\":\"es\",\"@id\":\"https:\/\/www.christeyns.com\/es-es\/ano-internacional-de-la-tabla-periodica-2\/#primaryimage\",\"url\":\"https:\/\/www.christeyns.com\/wp-content\/uploads\/2019\/04\/tabla-periodica-1.jpg\",\"contentUrl\":\"https:\/\/www.christeyns.com\/wp-content\/uploads\/2019\/04\/tabla-periodica-1.jpg\",\"width\":669,\"height\":669,\"caption\":\"tabla-periodica\"},{\"@type\":\"BreadcrumbList\",\"@id\":\"https:\/\/www.christeyns.com\/es-es\/ano-internacional-de-la-tabla-periodica-2\/#breadcrumb\",\"itemListElement\":[{\"@type\":\"ListItem\",\"position\":1,\"name\":\"Home\",\"item\":\"https:\/\/www.christeyns.com\/es-es\/\"},{\"@type\":\"ListItem\",\"position\":2,\"name\":\"A\u00f1o Internacional de la Tabla Peri\u00f3dica\"}]},{\"@type\":\"WebSite\",\"@id\":\"https:\/\/www.christeyns.com\/es-es\/#website\",\"url\":\"https:\/\/www.christeyns.com\/es-es\/\",\"name\":\"Christeyns\",\"description\":\"Christeyns - Striving for a cleaner future\",\"publisher\":{\"@id\":\"https:\/\/www.christeyns.com\/es-es\/#organization\"},\"inLanguage\":\"es\"},{\"@type\":\"Organization\",\"@id\":\"https:\/\/www.christeyns.com\/es-es\/#organization\",\"name\":\"Christeyns\",\"url\":\"https:\/\/www.christeyns.com\/es-es\/\",\"logo\":{\"@type\":\"ImageObject\",\"inLanguage\":\"es\",\"@id\":\"https:\/\/www.christeyns.com\/es-es\/#\/schema\/logo\/image\/\",\"url\":\"https:\/\/www.christeyns.com\/wp-content\/uploads\/2021\/06\/logo.png\",\"contentUrl\":\"https:\/\/www.christeyns.com\/wp-content\/uploads\/2021\/06\/logo.png\",\"width\":262,\"height\":40,\"caption\":\"Christeyns\"},\"image\":{\"@id\":\"https:\/\/www.christeyns.com\/es-es\/#\/schema\/logo\/image\/\"},\"sameAs\":[\"https:\/\/www.linkedin.com\/company\/christeyns\",\"https:\/\/www.youtube.com\/c\/christeynshq\"]},{\"@type\":\"Person\",\"@id\":\"https:\/\/www.christeyns.com\/es-es\/#\/schema\/person\/3c7da34f9b67c852ae3ed4cac317206c\",\"name\":\"Joan Estornell\"}]}<\/script>\n<!-- \/ Yoast SEO plugin. -->","yoast_head_json":{"title":"A\u00f1o Internacional de la Tabla Peri\u00f3dica | Christeyns","robots":{"index":"index","follow":"follow","max-snippet":"max-snippet:-1","max-image-preview":"max-image-preview:large","max-video-preview":"max-video-preview:-1"},"canonical":"https:\/\/www.christeyns.com\/es-es\/ano-internacional-de-la-tabla-periodica-2\/","og_locale":"es_ES","og_type":"article","og_title":"A\u00f1o Internacional de la Tabla Peri\u00f3dica | Christeyns","og_description":"El cient\u00edfico ruso Dmitri Mendel\u00e9yev\u00a0sufri\u00f3 durante su vida dos importantes contrariedades relacionadas con la qu\u00edmica. Le contrari\u00f3 el descubrimiento del helio (He), un gas noble con masa at\u00f3mica 4, que no encontraba acomodo en las ocho columnas de la tabla peri\u00f3dica de elementos de que Mendel\u00e9yev construy\u00f3 en 1870. El qu\u00edmico ruso, en base a [&hellip;]","og_url":"https:\/\/www.christeyns.com\/es-es\/ano-internacional-de-la-tabla-periodica-2\/","og_site_name":"Christeyns","article_published_time":"2019-04-23T15:56:07+00:00","article_modified_time":"2023-08-23T09:33:44+00:00","og_image":[{"width":669,"height":669,"url":"https:\/\/www.christeyns.com\/wp-content\/uploads\/2019\/04\/tabla-periodica-1.jpg","type":"image\/jpeg"}],"author":"Joan Estornell","twitter_card":"summary_large_image","twitter_misc":{"Escrito por":"Joan Estornell","Tiempo de lectura":"5 minutos"},"schema":{"@context":"https:\/\/schema.org","@graph":[{"@type":"Article","@id":"https:\/\/www.christeyns.com\/es-es\/ano-internacional-de-la-tabla-periodica-2\/#article","isPartOf":{"@id":"https:\/\/www.christeyns.com\/es-es\/ano-internacional-de-la-tabla-periodica-2\/"},"author":{"name":"Joan Estornell","@id":"https:\/\/www.christeyns.com\/es-es\/#\/schema\/person\/3c7da34f9b67c852ae3ed4cac317206c"},"headline":"A\u00f1o Internacional de la Tabla Peri\u00f3dica","datePublished":"2019-04-23T15:56:07+00:00","dateModified":"2023-08-23T09:33:44+00:00","mainEntityOfPage":{"@id":"https:\/\/www.christeyns.com\/es-es\/ano-internacional-de-la-tabla-periodica-2\/"},"wordCount":1128,"commentCount":0,"publisher":{"@id":"https:\/\/www.christeyns.com\/es-es\/#organization"},"image":{"@id":"https:\/\/www.christeyns.com\/es-es\/ano-internacional-de-la-tabla-periodica-2\/#primaryimage"},"thumbnailUrl":"https:\/\/www.christeyns.com\/wp-content\/uploads\/2019\/04\/tabla-periodica-1.jpg","keywords":["Mendel\u00e9yev","qu\u00edmica","tabla peri\u00f3dica"],"articleSection":["Qu\u00edmica"],"inLanguage":"es","potentialAction":[{"@type":"CommentAction","name":"Comment","target":["https:\/\/www.christeyns.com\/es-es\/ano-internacional-de-la-tabla-periodica-2\/#respond"]}]},{"@type":"WebPage","@id":"https:\/\/www.christeyns.com\/es-es\/ano-internacional-de-la-tabla-periodica-2\/","url":"https:\/\/www.christeyns.com\/es-es\/ano-internacional-de-la-tabla-periodica-2\/","name":"A\u00f1o Internacional de la Tabla Peri\u00f3dica | Christeyns","isPartOf":{"@id":"https:\/\/www.christeyns.com\/es-es\/#website"},"primaryImageOfPage":{"@id":"https:\/\/www.christeyns.com\/es-es\/ano-internacional-de-la-tabla-periodica-2\/#primaryimage"},"image":{"@id":"https:\/\/www.christeyns.com\/es-es\/ano-internacional-de-la-tabla-periodica-2\/#primaryimage"},"thumbnailUrl":"https:\/\/www.christeyns.com\/wp-content\/uploads\/2019\/04\/tabla-periodica-1.jpg","datePublished":"2019-04-23T15:56:07+00:00","dateModified":"2023-08-23T09:33:44+00:00","breadcrumb":{"@id":"https:\/\/www.christeyns.com\/es-es\/ano-internacional-de-la-tabla-periodica-2\/#breadcrumb"},"inLanguage":"es","potentialAction":[{"@type":"ReadAction","target":["https:\/\/www.christeyns.com\/es-es\/ano-internacional-de-la-tabla-periodica-2\/"]}]},{"@type":"ImageObject","inLanguage":"es","@id":"https:\/\/www.christeyns.com\/es-es\/ano-internacional-de-la-tabla-periodica-2\/#primaryimage","url":"https:\/\/www.christeyns.com\/wp-content\/uploads\/2019\/04\/tabla-periodica-1.jpg","contentUrl":"https:\/\/www.christeyns.com\/wp-content\/uploads\/2019\/04\/tabla-periodica-1.jpg","width":669,"height":669,"caption":"tabla-periodica"},{"@type":"BreadcrumbList","@id":"https:\/\/www.christeyns.com\/es-es\/ano-internacional-de-la-tabla-periodica-2\/#breadcrumb","itemListElement":[{"@type":"ListItem","position":1,"name":"Home","item":"https:\/\/www.christeyns.com\/es-es\/"},{"@type":"ListItem","position":2,"name":"A\u00f1o Internacional de la Tabla Peri\u00f3dica"}]},{"@type":"WebSite","@id":"https:\/\/www.christeyns.com\/es-es\/#website","url":"https:\/\/www.christeyns.com\/es-es\/","name":"Christeyns","description":"Christeyns - Striving for a cleaner future","publisher":{"@id":"https:\/\/www.christeyns.com\/es-es\/#organization"},"inLanguage":"es"},{"@type":"Organization","@id":"https:\/\/www.christeyns.com\/es-es\/#organization","name":"Christeyns","url":"https:\/\/www.christeyns.com\/es-es\/","logo":{"@type":"ImageObject","inLanguage":"es","@id":"https:\/\/www.christeyns.com\/es-es\/#\/schema\/logo\/image\/","url":"https:\/\/www.christeyns.com\/wp-content\/uploads\/2021\/06\/logo.png","contentUrl":"https:\/\/www.christeyns.com\/wp-content\/uploads\/2021\/06\/logo.png","width":262,"height":40,"caption":"Christeyns"},"image":{"@id":"https:\/\/www.christeyns.com\/es-es\/#\/schema\/logo\/image\/"},"sameAs":["https:\/\/www.linkedin.com\/company\/christeyns","https:\/\/www.youtube.com\/c\/christeynshq"]},{"@type":"Person","@id":"https:\/\/www.christeyns.com\/es-es\/#\/schema\/person\/3c7da34f9b67c852ae3ed4cac317206c","name":"Joan Estornell"}]}},"_links":{"self":[{"href":"https:\/\/www.christeyns.com\/es-es\/wp-json\/wp\/v2\/posts\/1480","targetHints":{"allow":["GET"]}}],"collection":[{"href":"https:\/\/www.christeyns.com\/es-es\/wp-json\/wp\/v2\/posts"}],"about":[{"href":"https:\/\/www.christeyns.com\/es-es\/wp-json\/wp\/v2\/types\/post"}],"author":[{"embeddable":true,"href":"https:\/\/www.christeyns.com\/es-es\/wp-json\/wp\/v2\/users\/4"}],"replies":[{"embeddable":true,"href":"https:\/\/www.christeyns.com\/es-es\/wp-json\/wp\/v2\/comments?post=1480"}],"version-history":[{"count":4,"href":"https:\/\/www.christeyns.com\/es-es\/wp-json\/wp\/v2\/posts\/1480\/revisions"}],"predecessor-version":[{"id":90180,"href":"https:\/\/www.christeyns.com\/es-es\/wp-json\/wp\/v2\/posts\/1480\/revisions\/90180"}],"wp:featuredmedia":[{"embeddable":true,"href":"https:\/\/www.christeyns.com\/es-es\/wp-json\/wp\/v2\/media\/20318"}],"wp:attachment":[{"href":"https:\/\/www.christeyns.com\/es-es\/wp-json\/wp\/v2\/media?parent=1480"}],"wp:term":[{"taxonomy":"category","embeddable":true,"href":"https:\/\/www.christeyns.com\/es-es\/wp-json\/wp\/v2\/categories?post=1480"},{"taxonomy":"post_tag","embeddable":true,"href":"https:\/\/www.christeyns.com\/es-es\/wp-json\/wp\/v2\/tags?post=1480"}],"curies":[{"name":"wp","href":"https:\/\/api.w.org\/{rel}","templated":true}]}}