{"id":132435,"date":"2024-04-02T16:08:15","date_gmt":"2024-04-02T16:08:15","guid":{"rendered":"https:\/\/www.christeyns.com\/world-immunisation-week-how-vaccines-shape-our-world\/"},"modified":"2025-04-24T07:00:41","modified_gmt":"2025-04-24T07:00:41","slug":"semana-mundial-inmunizacion","status":"publish","type":"post","link":"https:\/\/www.christeyns.com\/es-es\/semana-mundial-inmunizacion\/","title":{"rendered":"Semana Mundial de la Inmunizaci\u00f3n: c\u00f3mo las vacunas dan forma a nuestro mundo"},"content":{"rendered":"<p>La Semana Mundial de la Inmunizaci\u00f3n se celebra cada a\u00f1o la \u00faltima semana de abril. La fecha no es casual. Coincide con el aniversario de la fundaci\u00f3n de la Organizaci\u00f3n Mundial de la Salud (OMS), el 7 de abril de 1948.<\/p>\n<p>El objetivo de la semana es destacar la acci\u00f3n colectiva para proteger a las personas de enfermedades prevenibles mediante vacunaci\u00f3n. La vacunaci\u00f3n ayuda a proteger a ni\u00f1os, adultos y sus comunidades para que puedan vivir vidas m\u00e1s felices y saludables.<\/p>\n<p>Dado que la OMS desempe\u00f1a un papel central en la coordinaci\u00f3n sanitaria mundial, dedicar la Semana Mundial de la Inmunizaci\u00f3n a esta causa refuerza la agenda sanitaria m\u00e1s amplia y pone de relieve la importancia fundamental de las vacunas. Es importante recordar que las vacunas han salvado m\u00e1s vidas que cualquier otro invento m\u00e9dico de la historia y siguen siendo una de las herramientas m\u00e1s poderosas en nuestra lucha contra las enfermedades mortales.<\/p>\n<p>He aqu\u00ed algunos datos sobre la inmunizaci\u00f3n mundial:<\/p>\n<ul>\n<li>En los \u00faltimos 60 a\u00f1os, las vacunas han erradicado la viruela y est\u00e1n en camino de erradicar la poliomielitis. En general, las vacunas previenen m\u00e1s de 2,5 millones de muertes cada a\u00f1o. A nivel mundial, la inmunizaci\u00f3n infantil previene alrededor de 4 millones de muertes cada a\u00f1o. A pesar de los temores de algunos, los estudios cient\u00edficos muestran consistentemente que no existe v\u00ednculo entre las vacunas y el autismo.<\/li>\n<li>La inmunizaci\u00f3n es un factor importante para el bienestar mundial y una de las intervenciones de salud p\u00fablica m\u00e1s exitosas. Se estima que la inmunizaci\u00f3n tiene el potencial de prevenir m\u00e1s de 50 millones de muertes entre 2021 y 2030.<\/li>\n<li>El 70,6 % de la poblaci\u00f3n mundial ha recibido al menos una dosis de la vacuna contra la COVID-19, con la asombrosa cifra de 13 570 millones de dosis administradas en todo el mundo. Actualmente, todav\u00eda se administran 5308 dosis de la vacuna contra la COVID-19 cada d\u00eda.<\/li>\n<\/ul>\n<p>A pesar del \u00e9xito de la vacunaci\u00f3n contra la COVID-19, la pandemia tuvo un impacto negativo en la cobertura mundial de inmunizaci\u00f3n, que se hab\u00eda estancado en la d\u00e9cada anterior. La pandemia, junto con las interrupciones asociadas y los esfuerzos de vacunaci\u00f3n, ejercieron presi\u00f3n sobre los sistemas sanitarios mundiales en 2020 y 2021. Como resultado, vemos algunas tendencias a las que debemos prestar mucha atenci\u00f3n:<\/p>\n<ul>\n<li>El n\u00famero de ni\u00f1os que no recibieron ninguna vacuna, conocidos como ni\u00f1os con dosis cero, mejor\u00f3 de 18,1 millones en 2021 a 14,3 millones en 2022. Esto supone casi volver al nivel prepand\u00e9mico de 12,9 millones en 2019.<\/li>\n<li>La tercera dosis de la vacuna contra la difteria, el t\u00e9tanos y la tos ferina (DTP3) se enfrent\u00f3 a dificultades en 2021, con una cobertura del 81 %. Sin embargo, se avanz\u00f3 y la cobertura se recuper\u00f3 hasta el 84 % en 2022.<\/li>\n<li>La proporci\u00f3n de ni\u00f1os que recibieron una primera dosis de la vacuna contra el sarampi\u00f3n aument\u00f3 del 81 % en 2021 al 83 % en 2022, pero a\u00fan estaba por debajo del nivel de 2019 del 86 %.<\/li>\n<li>La cobertura mundial de la primera dosis de la vacuna contra el VPH en ni\u00f1as aument\u00f3 del 16 % en 2021 al 21 % en 2022.<\/li>\n<li>La cobertura de la vacuna contra la fiebre amarilla en pa\u00edses de alto riesgo es del 48 %, muy por debajo de la cobertura recomendada del 80 %.<\/li>\n<\/ul>\n<p>Christeyns es un reconocido especialista mundial en el suministro de soluciones de limpieza y desinfecci\u00f3n adaptadas a las industrias farmac\u00e9utica y cosm\u00e9tica. <a href=\"https:\/\/www.christeyns.com\/es-es\/contacto\/\">Contacta con nosotros<\/a> para obtener m\u00e1s informaci\u00f3n sobre c\u00f3mo podemos ayudarle con sus necesidades de limpieza y desinfecci\u00f3n.<\/p>\n<p>Referencias<\/p>\n<p><a href=\"https:\/\/ourworldindata.org\/covid-vaccinations\">Coronavirus (COVID-19) Vaccinations &#8211; Our World in Data<\/a><\/p>\n<p><a href=\"https:\/\/www.who.int\/news-room\/fact-sheets\/detail\/immunization-coverage\">Immunization coverage (who.int)<\/a><\/p>\n<p>Datos sobre la inmunizaci\u00f3n mundial (cdc.gov)<\/p>\n","protected":false},"excerpt":{"rendered":"<p>La Semana Mundial de la Inmunizaci\u00f3n se celebra cada a\u00f1o la \u00faltima semana de abril. La fecha no es casual. Coincide con el aniversario de la fundaci\u00f3n de la Organizaci\u00f3n Mundial de la Salud (OMS), el 7 de abril de 1948. El objetivo de la semana es destacar la acci\u00f3n colectiva para proteger a las [&hellip;]<\/p>\n","protected":false},"author":39,"featured_media":105528,"comment_status":"closed","ping_status":"closed","sticky":false,"template":"","format":"standard","meta":{"_acf_changed":false,"content-type":"","footnotes":""},"categories":[625,3179],"tags":[2855,3180],"class_list":["post-132435","post","type-post","status-publish","format-standard","hentry","category-life-sciences-es-es","category-pharmaceutical-industry-es-es","tag-pharmaceutical-industry-es-es","tag-vaccination-es-es"],"acf":[],"yoast_head":"<!-- This site is optimized with the Yoast SEO plugin v26.9 - https:\/\/yoast.com\/product\/yoast-seo-wordpress\/ -->\n<title>Semana Mundial de la Inmunizaci\u00f3n: c\u00f3mo las vacunas dan forma a nuestro mundo<\/title>\n<meta name=\"description\" content=\"El objetivo de la Semana Mundial de la Inmunizaci\u00f3n es destacar la acci\u00f3n colectiva para proteger a las personas de enfermedades prevenibles mediante vacunaci\u00f3n.\" \/>\n<meta name=\"robots\" content=\"index, follow, max-snippet:-1, max-image-preview:large, max-video-preview:-1\" \/>\n<link rel=\"canonical\" href=\"https:\/\/www.christeyns.com\/es-es\/semana-mundial-inmunizacion\/\" \/>\n<meta property=\"og:locale\" content=\"es_ES\" \/>\n<meta property=\"og:type\" content=\"article\" \/>\n<meta property=\"og:title\" content=\"Semana Mundial de la Inmunizaci\u00f3n: c\u00f3mo las vacunas dan forma a nuestro mundo\" \/>\n<meta property=\"og:description\" content=\"El objetivo de la Semana Mundial de la Inmunizaci\u00f3n es destacar la acci\u00f3n colectiva para proteger a las personas de enfermedades prevenibles mediante vacunaci\u00f3n.\" \/>\n<meta property=\"og:url\" content=\"https:\/\/www.christeyns.com\/es-es\/semana-mundial-inmunizacion\/\" \/>\n<meta property=\"og:site_name\" content=\"Christeyns\" \/>\n<meta property=\"article:published_time\" content=\"2024-04-02T16:08:15+00:00\" \/>\n<meta property=\"article:modified_time\" content=\"2025-04-24T07:00:41+00:00\" \/>\n<meta property=\"og:image\" content=\"https:\/\/www.christeyns.com\/wp-content\/uploads\/2024\/03\/2149187465.jpg\" \/>\n\t<meta property=\"og:image:width\" content=\"1500\" \/>\n\t<meta property=\"og:image:height\" content=\"1000\" \/>\n\t<meta property=\"og:image:type\" content=\"image\/jpeg\" \/>\n<meta name=\"author\" content=\"Monica Correia\" \/>\n<meta name=\"twitter:card\" content=\"summary_large_image\" \/>\n<meta name=\"twitter:label1\" content=\"Escrito por\" \/>\n\t<meta name=\"twitter:data1\" content=\"Monica Correia\" \/>\n\t<meta name=\"twitter:label2\" content=\"Tiempo de lectura\" \/>\n\t<meta name=\"twitter:data2\" content=\"3 minutos\" \/>\n<script type=\"application\/ld+json\" class=\"yoast-schema-graph\">{\"@context\":\"https:\/\/schema.org\",\"@graph\":[{\"@type\":\"Article\",\"@id\":\"https:\/\/www.christeyns.com\/es-es\/semana-mundial-inmunizacion\/#article\",\"isPartOf\":{\"@id\":\"https:\/\/www.christeyns.com\/es-es\/semana-mundial-inmunizacion\/\"},\"author\":{\"name\":\"Monica Correia\",\"@id\":\"https:\/\/www.christeyns.com\/es-es\/#\/schema\/person\/c8e8e6f50c4e8ea1205501a03f4b4363\"},\"headline\":\"Semana Mundial de la Inmunizaci\u00f3n: c\u00f3mo las vacunas dan forma a nuestro mundo\",\"datePublished\":\"2024-04-02T16:08:15+00:00\",\"dateModified\":\"2025-04-24T07:00:41+00:00\",\"mainEntityOfPage\":{\"@id\":\"https:\/\/www.christeyns.com\/es-es\/semana-mundial-inmunizacion\/\"},\"wordCount\":645,\"publisher\":{\"@id\":\"https:\/\/www.christeyns.com\/es-es\/#organization\"},\"image\":{\"@id\":\"https:\/\/www.christeyns.com\/es-es\/semana-mundial-inmunizacion\/#primaryimage\"},\"thumbnailUrl\":\"https:\/\/www.christeyns.com\/wp-content\/uploads\/2024\/03\/2149187465.jpg\",\"keywords\":[\"pharmaceutical industry\",\"vaccination\"],\"articleSection\":[\"Life Sciences\",\"Pharmaceutical Industry\"],\"inLanguage\":\"es\"},{\"@type\":\"WebPage\",\"@id\":\"https:\/\/www.christeyns.com\/es-es\/semana-mundial-inmunizacion\/\",\"url\":\"https:\/\/www.christeyns.com\/es-es\/semana-mundial-inmunizacion\/\",\"name\":\"Semana Mundial de la Inmunizaci\u00f3n: c\u00f3mo las vacunas dan forma a nuestro mundo\",\"isPartOf\":{\"@id\":\"https:\/\/www.christeyns.com\/es-es\/#website\"},\"primaryImageOfPage\":{\"@id\":\"https:\/\/www.christeyns.com\/es-es\/semana-mundial-inmunizacion\/#primaryimage\"},\"image\":{\"@id\":\"https:\/\/www.christeyns.com\/es-es\/semana-mundial-inmunizacion\/#primaryimage\"},\"thumbnailUrl\":\"https:\/\/www.christeyns.com\/wp-content\/uploads\/2024\/03\/2149187465.jpg\",\"datePublished\":\"2024-04-02T16:08:15+00:00\",\"dateModified\":\"2025-04-24T07:00:41+00:00\",\"description\":\"El objetivo de la Semana Mundial de la Inmunizaci\u00f3n es destacar la acci\u00f3n colectiva para proteger a las personas de enfermedades prevenibles mediante vacunaci\u00f3n.\",\"breadcrumb\":{\"@id\":\"https:\/\/www.christeyns.com\/es-es\/semana-mundial-inmunizacion\/#breadcrumb\"},\"inLanguage\":\"es\",\"potentialAction\":[{\"@type\":\"ReadAction\",\"target\":[\"https:\/\/www.christeyns.com\/es-es\/semana-mundial-inmunizacion\/\"]}]},{\"@type\":\"ImageObject\",\"inLanguage\":\"es\",\"@id\":\"https:\/\/www.christeyns.com\/es-es\/semana-mundial-inmunizacion\/#primaryimage\",\"url\":\"https:\/\/www.christeyns.com\/wp-content\/uploads\/2024\/03\/2149187465.jpg\",\"contentUrl\":\"https:\/\/www.christeyns.com\/wp-content\/uploads\/2024\/03\/2149187465.jpg\",\"width\":1500,\"height\":1000,\"caption\":\"World Immunisation Week\"},{\"@type\":\"BreadcrumbList\",\"@id\":\"https:\/\/www.christeyns.com\/es-es\/semana-mundial-inmunizacion\/#breadcrumb\",\"itemListElement\":[{\"@type\":\"ListItem\",\"position\":1,\"name\":\"Home\",\"item\":\"https:\/\/www.christeyns.com\/es-es\/\"},{\"@type\":\"ListItem\",\"position\":2,\"name\":\"Semana Mundial de la Inmunizaci\u00f3n: c\u00f3mo las vacunas dan forma a nuestro mundo\"}]},{\"@type\":\"WebSite\",\"@id\":\"https:\/\/www.christeyns.com\/es-es\/#website\",\"url\":\"https:\/\/www.christeyns.com\/es-es\/\",\"name\":\"Christeyns\",\"description\":\"Christeyns - Striving for a cleaner future\",\"publisher\":{\"@id\":\"https:\/\/www.christeyns.com\/es-es\/#organization\"},\"inLanguage\":\"es\"},{\"@type\":\"Organization\",\"@id\":\"https:\/\/www.christeyns.com\/es-es\/#organization\",\"name\":\"Christeyns\",\"url\":\"https:\/\/www.christeyns.com\/es-es\/\",\"logo\":{\"@type\":\"ImageObject\",\"inLanguage\":\"es\",\"@id\":\"https:\/\/www.christeyns.com\/es-es\/#\/schema\/logo\/image\/\",\"url\":\"https:\/\/www.christeyns.com\/wp-content\/uploads\/2021\/06\/logo.png\",\"contentUrl\":\"https:\/\/www.christeyns.com\/wp-content\/uploads\/2021\/06\/logo.png\",\"width\":262,\"height\":40,\"caption\":\"Christeyns\"},\"image\":{\"@id\":\"https:\/\/www.christeyns.com\/es-es\/#\/schema\/logo\/image\/\"},\"sameAs\":[\"https:\/\/www.linkedin.com\/company\/christeyns\",\"https:\/\/www.youtube.com\/c\/christeynshq\"]},{\"@type\":\"Person\",\"@id\":\"https:\/\/www.christeyns.com\/es-es\/#\/schema\/person\/c8e8e6f50c4e8ea1205501a03f4b4363\",\"name\":\"Monica Correia\"}]}<\/script>\n<!-- \/ Yoast SEO plugin. -->","yoast_head_json":{"title":"Semana Mundial de la Inmunizaci\u00f3n: c\u00f3mo las vacunas dan forma a nuestro mundo","description":"El objetivo de la Semana Mundial de la Inmunizaci\u00f3n es destacar la acci\u00f3n colectiva para proteger a las personas de enfermedades prevenibles mediante vacunaci\u00f3n.","robots":{"index":"index","follow":"follow","max-snippet":"max-snippet:-1","max-image-preview":"max-image-preview:large","max-video-preview":"max-video-preview:-1"},"canonical":"https:\/\/www.christeyns.com\/es-es\/semana-mundial-inmunizacion\/","og_locale":"es_ES","og_type":"article","og_title":"Semana Mundial de la Inmunizaci\u00f3n: c\u00f3mo las vacunas dan forma a nuestro mundo","og_description":"El objetivo de la Semana Mundial de la Inmunizaci\u00f3n es destacar la acci\u00f3n colectiva para proteger a las personas de enfermedades prevenibles mediante vacunaci\u00f3n.","og_url":"https:\/\/www.christeyns.com\/es-es\/semana-mundial-inmunizacion\/","og_site_name":"Christeyns","article_published_time":"2024-04-02T16:08:15+00:00","article_modified_time":"2025-04-24T07:00:41+00:00","og_image":[{"width":1500,"height":1000,"url":"https:\/\/www.christeyns.com\/wp-content\/uploads\/2024\/03\/2149187465.jpg","type":"image\/jpeg"}],"author":"Monica Correia","twitter_card":"summary_large_image","twitter_misc":{"Escrito por":"Monica Correia","Tiempo de lectura":"3 minutos"},"schema":{"@context":"https:\/\/schema.org","@graph":[{"@type":"Article","@id":"https:\/\/www.christeyns.com\/es-es\/semana-mundial-inmunizacion\/#article","isPartOf":{"@id":"https:\/\/www.christeyns.com\/es-es\/semana-mundial-inmunizacion\/"},"author":{"name":"Monica Correia","@id":"https:\/\/www.christeyns.com\/es-es\/#\/schema\/person\/c8e8e6f50c4e8ea1205501a03f4b4363"},"headline":"Semana Mundial de la Inmunizaci\u00f3n: c\u00f3mo las vacunas dan forma a nuestro mundo","datePublished":"2024-04-02T16:08:15+00:00","dateModified":"2025-04-24T07:00:41+00:00","mainEntityOfPage":{"@id":"https:\/\/www.christeyns.com\/es-es\/semana-mundial-inmunizacion\/"},"wordCount":645,"publisher":{"@id":"https:\/\/www.christeyns.com\/es-es\/#organization"},"image":{"@id":"https:\/\/www.christeyns.com\/es-es\/semana-mundial-inmunizacion\/#primaryimage"},"thumbnailUrl":"https:\/\/www.christeyns.com\/wp-content\/uploads\/2024\/03\/2149187465.jpg","keywords":["pharmaceutical industry","vaccination"],"articleSection":["Life Sciences","Pharmaceutical Industry"],"inLanguage":"es"},{"@type":"WebPage","@id":"https:\/\/www.christeyns.com\/es-es\/semana-mundial-inmunizacion\/","url":"https:\/\/www.christeyns.com\/es-es\/semana-mundial-inmunizacion\/","name":"Semana Mundial de la Inmunizaci\u00f3n: c\u00f3mo las vacunas dan forma a nuestro mundo","isPartOf":{"@id":"https:\/\/www.christeyns.com\/es-es\/#website"},"primaryImageOfPage":{"@id":"https:\/\/www.christeyns.com\/es-es\/semana-mundial-inmunizacion\/#primaryimage"},"image":{"@id":"https:\/\/www.christeyns.com\/es-es\/semana-mundial-inmunizacion\/#primaryimage"},"thumbnailUrl":"https:\/\/www.christeyns.com\/wp-content\/uploads\/2024\/03\/2149187465.jpg","datePublished":"2024-04-02T16:08:15+00:00","dateModified":"2025-04-24T07:00:41+00:00","description":"El objetivo de la Semana Mundial de la Inmunizaci\u00f3n es destacar la acci\u00f3n colectiva para proteger a las personas de enfermedades prevenibles mediante vacunaci\u00f3n.","breadcrumb":{"@id":"https:\/\/www.christeyns.com\/es-es\/semana-mundial-inmunizacion\/#breadcrumb"},"inLanguage":"es","potentialAction":[{"@type":"ReadAction","target":["https:\/\/www.christeyns.com\/es-es\/semana-mundial-inmunizacion\/"]}]},{"@type":"ImageObject","inLanguage":"es","@id":"https:\/\/www.christeyns.com\/es-es\/semana-mundial-inmunizacion\/#primaryimage","url":"https:\/\/www.christeyns.com\/wp-content\/uploads\/2024\/03\/2149187465.jpg","contentUrl":"https:\/\/www.christeyns.com\/wp-content\/uploads\/2024\/03\/2149187465.jpg","width":1500,"height":1000,"caption":"World Immunisation Week"},{"@type":"BreadcrumbList","@id":"https:\/\/www.christeyns.com\/es-es\/semana-mundial-inmunizacion\/#breadcrumb","itemListElement":[{"@type":"ListItem","position":1,"name":"Home","item":"https:\/\/www.christeyns.com\/es-es\/"},{"@type":"ListItem","position":2,"name":"Semana Mundial de la Inmunizaci\u00f3n: c\u00f3mo las vacunas dan forma a nuestro mundo"}]},{"@type":"WebSite","@id":"https:\/\/www.christeyns.com\/es-es\/#website","url":"https:\/\/www.christeyns.com\/es-es\/","name":"Christeyns","description":"Christeyns - Striving for a cleaner future","publisher":{"@id":"https:\/\/www.christeyns.com\/es-es\/#organization"},"inLanguage":"es"},{"@type":"Organization","@id":"https:\/\/www.christeyns.com\/es-es\/#organization","name":"Christeyns","url":"https:\/\/www.christeyns.com\/es-es\/","logo":{"@type":"ImageObject","inLanguage":"es","@id":"https:\/\/www.christeyns.com\/es-es\/#\/schema\/logo\/image\/","url":"https:\/\/www.christeyns.com\/wp-content\/uploads\/2021\/06\/logo.png","contentUrl":"https:\/\/www.christeyns.com\/wp-content\/uploads\/2021\/06\/logo.png","width":262,"height":40,"caption":"Christeyns"},"image":{"@id":"https:\/\/www.christeyns.com\/es-es\/#\/schema\/logo\/image\/"},"sameAs":["https:\/\/www.linkedin.com\/company\/christeyns","https:\/\/www.youtube.com\/c\/christeynshq"]},{"@type":"Person","@id":"https:\/\/www.christeyns.com\/es-es\/#\/schema\/person\/c8e8e6f50c4e8ea1205501a03f4b4363","name":"Monica Correia"}]}},"_links":{"self":[{"href":"https:\/\/www.christeyns.com\/es-es\/wp-json\/wp\/v2\/posts\/132435","targetHints":{"allow":["GET"]}}],"collection":[{"href":"https:\/\/www.christeyns.com\/es-es\/wp-json\/wp\/v2\/posts"}],"about":[{"href":"https:\/\/www.christeyns.com\/es-es\/wp-json\/wp\/v2\/types\/post"}],"author":[{"embeddable":true,"href":"https:\/\/www.christeyns.com\/es-es\/wp-json\/wp\/v2\/users\/39"}],"replies":[{"embeddable":true,"href":"https:\/\/www.christeyns.com\/es-es\/wp-json\/wp\/v2\/comments?post=132435"}],"version-history":[{"count":3,"href":"https:\/\/www.christeyns.com\/es-es\/wp-json\/wp\/v2\/posts\/132435\/revisions"}],"predecessor-version":[{"id":132438,"href":"https:\/\/www.christeyns.com\/es-es\/wp-json\/wp\/v2\/posts\/132435\/revisions\/132438"}],"wp:featuredmedia":[{"embeddable":true,"href":"https:\/\/www.christeyns.com\/es-es\/wp-json\/wp\/v2\/media\/105528"}],"wp:attachment":[{"href":"https:\/\/www.christeyns.com\/es-es\/wp-json\/wp\/v2\/media?parent=132435"}],"wp:term":[{"taxonomy":"category","embeddable":true,"href":"https:\/\/www.christeyns.com\/es-es\/wp-json\/wp\/v2\/categories?post=132435"},{"taxonomy":"post_tag","embeddable":true,"href":"https:\/\/www.christeyns.com\/es-es\/wp-json\/wp\/v2\/tags?post=132435"}],"curies":[{"name":"wp","href":"https:\/\/api.w.org\/{rel}","templated":true}]}}