{"id":117568,"date":"2024-07-16T13:58:11","date_gmt":"2024-07-16T13:58:11","guid":{"rendered":"https:\/\/www.christeyns.com\/earth-overshoot-day-2024\/"},"modified":"2024-07-22T08:51:43","modified_gmt":"2024-07-22T08:51:43","slug":"dia-sobrecapacidad-tierra-2024","status":"publish","type":"post","link":"https:\/\/www.christeyns.com\/es-es\/dia-sobrecapacidad-tierra-2024\/","title":{"rendered":"D\u00eda de la sobrecapacidad de la tierra 2024"},"content":{"rendered":"<p>El D\u00eda de la Sobrecapacidad de la tierra marca la fecha e la que el consumo anual de recursos por parte de la humanidad supera la capacidad de la tierra para regenerar esos recursos en el mismo a\u00f1o. En 2024, este d\u00eda es el 1 de agosto. Seg\u00fan la <a href=\"https:\/\/overshoot.footprintnetwork.org\">Global Footprint Network<\/a>, esta efem\u00e9rides pone de manifiesto el desequilibrio entre el consumo humano y la capacidad del planeta para regenerar los recursos y servicios ecol\u00f3gicos. Este consumo excesivo se basa en el agotamiento de las reservas medioambientales y la generaci\u00f3n de residuos, principalmente di\u00f3xido de carbono atmosf\u00e9rico.<\/p>\n<p>Como empresa responsable, Christeyns se compromete a desarrollar estrategias para minimizar nuestra huella ecol\u00f3gica, en l\u00ednea con el <a href=\"https:\/\/sdgs.un.org\/es\/goals\/goal12\" target=\"_blank\" rel=\"noopener\">Objetivo sostenible 12: garantizar modalidades de consumo y producci\u00f3n sostenibles<\/a>.<\/p>\n<h2>Producci\u00f3n responsable<\/h2>\n<p>Christeyns est\u00e1 mejorando la sostenibilidad de la producci\u00f3n maximizando la eficiencia de los recursos y minimizando la destrucci\u00f3n de bienes mediante tecnolog\u00eda avanzada y una estrecha colaboraci\u00f3n con clientes y proveedores. El uso de energ\u00edas renovables es cada vez mayor, junto con el desarrollo de infraestructuras para aumentar nuestra propia capacidad de energ\u00eda renovable. Adem\u00e1s, nuestras avanzadas tecnolog\u00edas de ahorro energ\u00e9tico est\u00e1n ayudando a los clientes a reducir considerablemente su consumo de energ\u00eda.<\/p>\n<p>La gesti\u00f3n eficiente de los recursos h\u00eddricos y la inversi\u00f3n en soluciones y equipos innovadores est\u00e1n en marcha para reducir la huella medioambiental de los centros de fabricaci\u00f3n. Se emplean estrategias para optimizar el uso del agua, iniciativas de reciclaje y reutilizaci\u00f3n, y limitar o eliminar la generaci\u00f3n de aguas residuales.<\/p>\n<h2>Consumo responsable<\/h2>\n<p>La gesti\u00f3n racional de los recursos es una prioridad clave, como demuestra la cuidadosa clasificaci\u00f3n de los materiales reciclables y la preferencia por las compras a granel en IBC frente a los bidones para facilitar su reutilizaci\u00f3n. Este enfoque no solo racionaliza la distribuci\u00f3n de los productos, sino que tambi\u00e9n apoya los principios de una econom\u00eda.<\/p>\n<p>Como parte de nuestro compromiso con el consumo responsable, hacemos extensivos nuestros principios de sostenibilidad a las operaciones de nuestros clientes. Proporcionamos apoyo y tecnolog\u00eda que no solo les ayuda a lograr la m\u00e1xima eficiencia del producto con el m\u00ednimo desperdicio mediante sistemas de dosificaci\u00f3n sino que tambi\u00e9n garantiza que promuevan la conservaci\u00f3n del agua y reduzcan el consumo de energ\u00eda. Estos esfuerzos de colaboraci\u00f3n subrayan nuestro compromiso con la protecci\u00f3n del medioambiente y la conservaci\u00f3n de los recursos.<\/p>\n<h3>Si quieres desempe\u00f1ar un papel activo como consumidor, aqu\u00ed tienes algunas acciones sencillas que pueden tener un impacto significativo:<\/h3>\n<p><strong>Lavado de ropa:<\/strong> utiliza agua m\u00e1s fr\u00eda, ciclos m\u00e1s cortos, cargas m\u00e1s completas y seca al aire.<\/p>\n<p><strong>Limpieza del hogar:<\/strong> utiliza pa\u00f1os de limpieza reutilizables y detergentes recargables con la dosis recomendada.<\/p>\n<p><strong>Lavavajillas: <\/strong>Llena el lavavajillas y ponlo en marcha fuera de las horas punta: reducir\u00e1s la demanda m\u00e1xima en la red&#8230; y puede que te cobren menos.<\/p>\n<p><strong>Minimiza el desperdicio de alimentos: <\/strong>Compra localmente y solo lo que necesites, almacena los alimentos con prudencia y cong\u00e9lalos para m\u00e1s tarde, o aprovecha las sobre para hacer otra comida.<\/p>\n<p><strong>Econom\u00eda circular:<\/strong> El reciclaje, la reutilizaci\u00f3n y la minimizaci\u00f3n de los pl\u00e1sticos de un solo uso son esenciales.<\/p>\n<p>&nbsp;<\/p>\n<p>Si quieres saber m\u00e1s sobre la vida sostenible, la <a href=\"https:\/\/www.unep.org\/resources\/e-learning\/sustainable-lifestyles-action-academy\">Sustainable Lifestyles Action Academy<\/a> ofrece recursos para ayudarte a cambiar tu comportamiento.<\/p>\n<p>Adoptemos juntos estas estrategias, retrasemos el D\u00eda de la sobrecapacidad y vivamos en equilibrio con nuestro planeta. Descubre en nuestro Informe de RSC como nosotros, en Christeyns marcamos la diferencia con nuestro planeta en nuestro <a href=\"https:\/\/www.christeyns.com\/es-es\/compromiso\/\">CSR informe<\/a>! \u00danete a nosotros para crear un futuro m\u00e1s sostenible.<\/p>\n","protected":false},"excerpt":{"rendered":"<p>El D\u00eda de la Sobrecapacidad de la tierra marca la fecha e la que el consumo anual de recursos por parte de la humanidad supera la capacidad de la tierra para regenerar esos recursos en el mismo a\u00f1o. En 2024, este d\u00eda es el 1 de agosto. Seg\u00fan la Global Footprint Network, esta efem\u00e9rides pone [&hellip;]<\/p>\n","protected":false},"author":39,"featured_media":117441,"comment_status":"closed","ping_status":"closed","sticky":false,"template":"","format":"standard","meta":{"_acf_changed":false,"content-type":"","footnotes":""},"categories":[2943],"tags":[2098],"class_list":["post-117568","post","type-post","status-publish","format-standard","hentry","category-sustainability-es-es","tag-sustainability-es-es"],"acf":[],"yoast_head":"<!-- This site is optimized with the Yoast SEO plugin v26.9 - https:\/\/yoast.com\/product\/yoast-seo-wordpress\/ -->\n<title>D\u00eda de la sobrecapacidad de la tierra 2024 | Christeyns<\/title>\n<meta name=\"description\" content=\"El D\u00eda de la Sobrecapacidad de la Tierra marca la fecha en la que el consumo anual de recursos por parte de la humanidad supera la capacidad de regeneraci\u00f3n.\" \/>\n<meta name=\"robots\" content=\"index, follow, max-snippet:-1, max-image-preview:large, max-video-preview:-1\" \/>\n<link rel=\"canonical\" href=\"https:\/\/www.christeyns.com\/es-es\/dia-sobrecapacidad-tierra-2024\/\" \/>\n<meta property=\"og:locale\" content=\"es_ES\" \/>\n<meta property=\"og:type\" content=\"article\" \/>\n<meta property=\"og:title\" content=\"D\u00eda de la sobrecapacidad de la tierra 2024 | Christeyns\" \/>\n<meta property=\"og:description\" content=\"El D\u00eda de la Sobrecapacidad de la Tierra marca la fecha en la que el consumo anual de recursos por parte de la humanidad supera la capacidad de regeneraci\u00f3n.\" \/>\n<meta property=\"og:url\" content=\"https:\/\/www.christeyns.com\/es-es\/dia-sobrecapacidad-tierra-2024\/\" \/>\n<meta property=\"og:site_name\" content=\"Christeyns\" \/>\n<meta property=\"article:published_time\" content=\"2024-07-16T13:58:11+00:00\" \/>\n<meta property=\"article:modified_time\" content=\"2024-07-22T08:51:43+00:00\" \/>\n<meta property=\"og:image\" content=\"https:\/\/www.christeyns.com\/wp-content\/uploads\/2024\/07\/34390.jpg\" \/>\n\t<meta property=\"og:image:width\" content=\"1500\" \/>\n\t<meta property=\"og:image:height\" content=\"1000\" \/>\n\t<meta property=\"og:image:type\" content=\"image\/jpeg\" \/>\n<meta name=\"author\" content=\"Monica Correia\" \/>\n<meta name=\"twitter:card\" content=\"summary_large_image\" \/>\n<meta name=\"twitter:label1\" content=\"Escrito por\" \/>\n\t<meta name=\"twitter:data1\" content=\"Monica Correia\" \/>\n\t<meta name=\"twitter:label2\" content=\"Tiempo de lectura\" \/>\n\t<meta name=\"twitter:data2\" content=\"3 minutos\" \/>\n<script type=\"application\/ld+json\" class=\"yoast-schema-graph\">{\"@context\":\"https:\/\/schema.org\",\"@graph\":[{\"@type\":\"Article\",\"@id\":\"https:\/\/www.christeyns.com\/es-es\/dia-sobrecapacidad-tierra-2024\/#article\",\"isPartOf\":{\"@id\":\"https:\/\/www.christeyns.com\/es-es\/dia-sobrecapacidad-tierra-2024\/\"},\"author\":{\"name\":\"Monica Correia\",\"@id\":\"https:\/\/www.christeyns.com\/es-es\/#\/schema\/person\/c8e8e6f50c4e8ea1205501a03f4b4363\"},\"headline\":\"D\u00eda de la sobrecapacidad de la tierra 2024\",\"datePublished\":\"2024-07-16T13:58:11+00:00\",\"dateModified\":\"2024-07-22T08:51:43+00:00\",\"mainEntityOfPage\":{\"@id\":\"https:\/\/www.christeyns.com\/es-es\/dia-sobrecapacidad-tierra-2024\/\"},\"wordCount\":650,\"publisher\":{\"@id\":\"https:\/\/www.christeyns.com\/es-es\/#organization\"},\"image\":{\"@id\":\"https:\/\/www.christeyns.com\/es-es\/dia-sobrecapacidad-tierra-2024\/#primaryimage\"},\"thumbnailUrl\":\"https:\/\/www.christeyns.com\/wp-content\/uploads\/2024\/07\/34390.jpg\",\"keywords\":[\"sustainability\"],\"articleSection\":[\"Sustainability\"],\"inLanguage\":\"es\"},{\"@type\":\"WebPage\",\"@id\":\"https:\/\/www.christeyns.com\/es-es\/dia-sobrecapacidad-tierra-2024\/\",\"url\":\"https:\/\/www.christeyns.com\/es-es\/dia-sobrecapacidad-tierra-2024\/\",\"name\":\"D\u00eda de la sobrecapacidad de la tierra 2024 | Christeyns\",\"isPartOf\":{\"@id\":\"https:\/\/www.christeyns.com\/es-es\/#website\"},\"primaryImageOfPage\":{\"@id\":\"https:\/\/www.christeyns.com\/es-es\/dia-sobrecapacidad-tierra-2024\/#primaryimage\"},\"image\":{\"@id\":\"https:\/\/www.christeyns.com\/es-es\/dia-sobrecapacidad-tierra-2024\/#primaryimage\"},\"thumbnailUrl\":\"https:\/\/www.christeyns.com\/wp-content\/uploads\/2024\/07\/34390.jpg\",\"datePublished\":\"2024-07-16T13:58:11+00:00\",\"dateModified\":\"2024-07-22T08:51:43+00:00\",\"description\":\"El D\u00eda de la Sobrecapacidad de la Tierra marca la fecha en la que el consumo anual de recursos por parte de la humanidad supera la capacidad de regeneraci\u00f3n.\",\"breadcrumb\":{\"@id\":\"https:\/\/www.christeyns.com\/es-es\/dia-sobrecapacidad-tierra-2024\/#breadcrumb\"},\"inLanguage\":\"es\",\"potentialAction\":[{\"@type\":\"ReadAction\",\"target\":[\"https:\/\/www.christeyns.com\/es-es\/dia-sobrecapacidad-tierra-2024\/\"]}]},{\"@type\":\"ImageObject\",\"inLanguage\":\"es\",\"@id\":\"https:\/\/www.christeyns.com\/es-es\/dia-sobrecapacidad-tierra-2024\/#primaryimage\",\"url\":\"https:\/\/www.christeyns.com\/wp-content\/uploads\/2024\/07\/34390.jpg\",\"contentUrl\":\"https:\/\/www.christeyns.com\/wp-content\/uploads\/2024\/07\/34390.jpg\",\"width\":1500,\"height\":1000,\"caption\":\"Earth Overshoot Day\"},{\"@type\":\"BreadcrumbList\",\"@id\":\"https:\/\/www.christeyns.com\/es-es\/dia-sobrecapacidad-tierra-2024\/#breadcrumb\",\"itemListElement\":[{\"@type\":\"ListItem\",\"position\":1,\"name\":\"Home\",\"item\":\"https:\/\/www.christeyns.com\/es-es\/\"},{\"@type\":\"ListItem\",\"position\":2,\"name\":\"D\u00eda de la sobrecapacidad de la tierra 2024\"}]},{\"@type\":\"WebSite\",\"@id\":\"https:\/\/www.christeyns.com\/es-es\/#website\",\"url\":\"https:\/\/www.christeyns.com\/es-es\/\",\"name\":\"Christeyns\",\"description\":\"Christeyns - Striving for a cleaner future\",\"publisher\":{\"@id\":\"https:\/\/www.christeyns.com\/es-es\/#organization\"},\"inLanguage\":\"es\"},{\"@type\":\"Organization\",\"@id\":\"https:\/\/www.christeyns.com\/es-es\/#organization\",\"name\":\"Christeyns\",\"url\":\"https:\/\/www.christeyns.com\/es-es\/\",\"logo\":{\"@type\":\"ImageObject\",\"inLanguage\":\"es\",\"@id\":\"https:\/\/www.christeyns.com\/es-es\/#\/schema\/logo\/image\/\",\"url\":\"https:\/\/www.christeyns.com\/wp-content\/uploads\/2021\/06\/logo.png\",\"contentUrl\":\"https:\/\/www.christeyns.com\/wp-content\/uploads\/2021\/06\/logo.png\",\"width\":262,\"height\":40,\"caption\":\"Christeyns\"},\"image\":{\"@id\":\"https:\/\/www.christeyns.com\/es-es\/#\/schema\/logo\/image\/\"},\"sameAs\":[\"https:\/\/www.linkedin.com\/company\/christeyns\",\"https:\/\/www.youtube.com\/c\/christeynshq\"]},{\"@type\":\"Person\",\"@id\":\"https:\/\/www.christeyns.com\/es-es\/#\/schema\/person\/c8e8e6f50c4e8ea1205501a03f4b4363\",\"name\":\"Monica Correia\"}]}<\/script>\n<!-- \/ Yoast SEO plugin. -->","yoast_head_json":{"title":"D\u00eda de la sobrecapacidad de la tierra 2024 | Christeyns","description":"El D\u00eda de la Sobrecapacidad de la Tierra marca la fecha en la que el consumo anual de recursos por parte de la humanidad supera la capacidad de regeneraci\u00f3n.","robots":{"index":"index","follow":"follow","max-snippet":"max-snippet:-1","max-image-preview":"max-image-preview:large","max-video-preview":"max-video-preview:-1"},"canonical":"https:\/\/www.christeyns.com\/es-es\/dia-sobrecapacidad-tierra-2024\/","og_locale":"es_ES","og_type":"article","og_title":"D\u00eda de la sobrecapacidad de la tierra 2024 | Christeyns","og_description":"El D\u00eda de la Sobrecapacidad de la Tierra marca la fecha en la que el consumo anual de recursos por parte de la humanidad supera la capacidad de regeneraci\u00f3n.","og_url":"https:\/\/www.christeyns.com\/es-es\/dia-sobrecapacidad-tierra-2024\/","og_site_name":"Christeyns","article_published_time":"2024-07-16T13:58:11+00:00","article_modified_time":"2024-07-22T08:51:43+00:00","og_image":[{"width":1500,"height":1000,"url":"https:\/\/www.christeyns.com\/wp-content\/uploads\/2024\/07\/34390.jpg","type":"image\/jpeg"}],"author":"Monica Correia","twitter_card":"summary_large_image","twitter_misc":{"Escrito por":"Monica Correia","Tiempo de lectura":"3 minutos"},"schema":{"@context":"https:\/\/schema.org","@graph":[{"@type":"Article","@id":"https:\/\/www.christeyns.com\/es-es\/dia-sobrecapacidad-tierra-2024\/#article","isPartOf":{"@id":"https:\/\/www.christeyns.com\/es-es\/dia-sobrecapacidad-tierra-2024\/"},"author":{"name":"Monica Correia","@id":"https:\/\/www.christeyns.com\/es-es\/#\/schema\/person\/c8e8e6f50c4e8ea1205501a03f4b4363"},"headline":"D\u00eda de la sobrecapacidad de la tierra 2024","datePublished":"2024-07-16T13:58:11+00:00","dateModified":"2024-07-22T08:51:43+00:00","mainEntityOfPage":{"@id":"https:\/\/www.christeyns.com\/es-es\/dia-sobrecapacidad-tierra-2024\/"},"wordCount":650,"publisher":{"@id":"https:\/\/www.christeyns.com\/es-es\/#organization"},"image":{"@id":"https:\/\/www.christeyns.com\/es-es\/dia-sobrecapacidad-tierra-2024\/#primaryimage"},"thumbnailUrl":"https:\/\/www.christeyns.com\/wp-content\/uploads\/2024\/07\/34390.jpg","keywords":["sustainability"],"articleSection":["Sustainability"],"inLanguage":"es"},{"@type":"WebPage","@id":"https:\/\/www.christeyns.com\/es-es\/dia-sobrecapacidad-tierra-2024\/","url":"https:\/\/www.christeyns.com\/es-es\/dia-sobrecapacidad-tierra-2024\/","name":"D\u00eda de la sobrecapacidad de la tierra 2024 | Christeyns","isPartOf":{"@id":"https:\/\/www.christeyns.com\/es-es\/#website"},"primaryImageOfPage":{"@id":"https:\/\/www.christeyns.com\/es-es\/dia-sobrecapacidad-tierra-2024\/#primaryimage"},"image":{"@id":"https:\/\/www.christeyns.com\/es-es\/dia-sobrecapacidad-tierra-2024\/#primaryimage"},"thumbnailUrl":"https:\/\/www.christeyns.com\/wp-content\/uploads\/2024\/07\/34390.jpg","datePublished":"2024-07-16T13:58:11+00:00","dateModified":"2024-07-22T08:51:43+00:00","description":"El D\u00eda de la Sobrecapacidad de la Tierra marca la fecha en la que el consumo anual de recursos por parte de la humanidad supera la capacidad de regeneraci\u00f3n.","breadcrumb":{"@id":"https:\/\/www.christeyns.com\/es-es\/dia-sobrecapacidad-tierra-2024\/#breadcrumb"},"inLanguage":"es","potentialAction":[{"@type":"ReadAction","target":["https:\/\/www.christeyns.com\/es-es\/dia-sobrecapacidad-tierra-2024\/"]}]},{"@type":"ImageObject","inLanguage":"es","@id":"https:\/\/www.christeyns.com\/es-es\/dia-sobrecapacidad-tierra-2024\/#primaryimage","url":"https:\/\/www.christeyns.com\/wp-content\/uploads\/2024\/07\/34390.jpg","contentUrl":"https:\/\/www.christeyns.com\/wp-content\/uploads\/2024\/07\/34390.jpg","width":1500,"height":1000,"caption":"Earth Overshoot Day"},{"@type":"BreadcrumbList","@id":"https:\/\/www.christeyns.com\/es-es\/dia-sobrecapacidad-tierra-2024\/#breadcrumb","itemListElement":[{"@type":"ListItem","position":1,"name":"Home","item":"https:\/\/www.christeyns.com\/es-es\/"},{"@type":"ListItem","position":2,"name":"D\u00eda de la sobrecapacidad de la tierra 2024"}]},{"@type":"WebSite","@id":"https:\/\/www.christeyns.com\/es-es\/#website","url":"https:\/\/www.christeyns.com\/es-es\/","name":"Christeyns","description":"Christeyns - Striving for a cleaner future","publisher":{"@id":"https:\/\/www.christeyns.com\/es-es\/#organization"},"inLanguage":"es"},{"@type":"Organization","@id":"https:\/\/www.christeyns.com\/es-es\/#organization","name":"Christeyns","url":"https:\/\/www.christeyns.com\/es-es\/","logo":{"@type":"ImageObject","inLanguage":"es","@id":"https:\/\/www.christeyns.com\/es-es\/#\/schema\/logo\/image\/","url":"https:\/\/www.christeyns.com\/wp-content\/uploads\/2021\/06\/logo.png","contentUrl":"https:\/\/www.christeyns.com\/wp-content\/uploads\/2021\/06\/logo.png","width":262,"height":40,"caption":"Christeyns"},"image":{"@id":"https:\/\/www.christeyns.com\/es-es\/#\/schema\/logo\/image\/"},"sameAs":["https:\/\/www.linkedin.com\/company\/christeyns","https:\/\/www.youtube.com\/c\/christeynshq"]},{"@type":"Person","@id":"https:\/\/www.christeyns.com\/es-es\/#\/schema\/person\/c8e8e6f50c4e8ea1205501a03f4b4363","name":"Monica Correia"}]}},"_links":{"self":[{"href":"https:\/\/www.christeyns.com\/es-es\/wp-json\/wp\/v2\/posts\/117568","targetHints":{"allow":["GET"]}}],"collection":[{"href":"https:\/\/www.christeyns.com\/es-es\/wp-json\/wp\/v2\/posts"}],"about":[{"href":"https:\/\/www.christeyns.com\/es-es\/wp-json\/wp\/v2\/types\/post"}],"author":[{"embeddable":true,"href":"https:\/\/www.christeyns.com\/es-es\/wp-json\/wp\/v2\/users\/39"}],"replies":[{"embeddable":true,"href":"https:\/\/www.christeyns.com\/es-es\/wp-json\/wp\/v2\/comments?post=117568"}],"version-history":[{"count":3,"href":"https:\/\/www.christeyns.com\/es-es\/wp-json\/wp\/v2\/posts\/117568\/revisions"}],"predecessor-version":[{"id":117902,"href":"https:\/\/www.christeyns.com\/es-es\/wp-json\/wp\/v2\/posts\/117568\/revisions\/117902"}],"wp:featuredmedia":[{"embeddable":true,"href":"https:\/\/www.christeyns.com\/es-es\/wp-json\/wp\/v2\/media\/117441"}],"wp:attachment":[{"href":"https:\/\/www.christeyns.com\/es-es\/wp-json\/wp\/v2\/media?parent=117568"}],"wp:term":[{"taxonomy":"category","embeddable":true,"href":"https:\/\/www.christeyns.com\/es-es\/wp-json\/wp\/v2\/categories?post=117568"},{"taxonomy":"post_tag","embeddable":true,"href":"https:\/\/www.christeyns.com\/es-es\/wp-json\/wp\/v2\/tags?post=117568"}],"curies":[{"name":"wp","href":"https:\/\/api.w.org\/{rel}","templated":true}]}}