{"id":133170,"date":"2024-04-02T16:08:15","date_gmt":"2024-04-02T16:08:15","guid":{"rendered":"https:\/\/www.christeyns.com\/world-vaccination-week-how-vaccines-harm-our-world\/"},"modified":"2025-04-23T08:50:33","modified_gmt":"2025-04-23T08:50:33","slug":"weltimpfwoche-wie-impfstoffe-unsere-welt-praegen","status":"publish","type":"post","link":"https:\/\/www.christeyns.com\/de-de\/weltimpfwoche-wie-impfstoffe-unsere-welt-praegen\/","title":{"rendered":"Weltimpfwoche: Wie Impfstoffe unsere Welt pr\u00e4gen"},"content":{"rendered":"<p>Jedes Jahr findet in der letzten Aprilwoche die Weltimpfwoche statt. Das kommt nicht von ungef\u00e4hr. Es f\u00e4llt mit dem Jahrestag der Gr\u00fcndung der Weltgesundheitsorganisation (WHO) am 7. April 1948 zusammen.<\/p>\n<p>Ziel dieser Aktionswoche ist es, kollektive Ma\u00dfnahmen zum Schutz der Menschen vor durch Impfung vermeidbaren Krankheiten hervorzuheben. Impfungen tragen dazu bei, Kinder, Erwachsene und ihre Familien zu sch\u00fctzen, damit sie ein gl\u00fccklicheres und ges\u00fcnderes Leben f\u00fchren k\u00f6nnen.<\/p>\n<p>Da die WHO eine zentrale Rolle bei der Koordinierung der globalen Gesundheit spielt, st\u00e4rkt die Weltimpfwoche das Anliegen der allgemeinen Gesundheitsagenda und unterstreicht die entscheidende Bedeutung von Impfstoffen. Es ist wichtig, sich daran zu erinnern, dass Impfstoffe mehr Leben gerettet haben als jede andere medizinische Erfindung in der Geschichte und nach wie vor eines der m\u00e4chtigsten Instrumente im Kampf gegen t\u00f6dliche Krankheiten sind.<\/p>\n<p>Hier sind ein paar Fakten \u00fcber die weltweite Immunisierung:<\/p>\n<ol>\n<li>In den letzten 60 Jahren haben Impfstoffe die Pocken ausgerottet und sind auf dem Weg, Polio auszurotten. Weltweit verhindern Impfstoffe jedes Jahr mehr als 2,5 Millionen Todesf\u00e4lle. Weltweit werden durch die Impfung von Kindern rund 4 Millionen Todesf\u00e4lle pro Jahr vermieden. Impfungen leisten einen wichtigen Beitrag und sind eine der wirksamsten Ma\u00dfnahmen im Bereich der \u00f6ffentlichen Gesundheit. Es wird gesch\u00e4tzt, dass die Impfung zwischen 2021 und 2030 mehr als 50 Millionen Todesf\u00e4lle verhindern k\u00f6nnte. 70,6 % der Weltbev\u00f6lkerung haben mindestens eine Dosis des COVID-19-Impfstoffs erhalten, wobei weltweit beeindruckende 13,57 Milliarden Dosen verabreicht wurden. Derzeit werden immer noch t\u00e4glich 5.308 Dosen des COVID-19-Impfstoffs verabreicht. Trotz des Erfolgs der COVID-19-Impfung wirkte sich die Pandemie negativ auf die weltweite Durchimpfungsrate aus, die im vorangegangenen Jahrzehnt ein Plateau erreicht hatte. Die Pandemie und die damit einhergehenden St\u00f6rungen und Impfbem\u00fchungen haben die globalen Gesundheitssysteme in den Jahren 2020 und 2021 belastet. Infolgedessen gibt es eine Reihe von Trends, die man genau beobachten sollte:<\/li>\n<li>Die Zahl der Kinder, die keinen Impfstoff erhielten &#8211; sogenannte Null-Dosis-Kinder &#8211; sank von 18,1 Millionen im Jahr 2021 auf 14,3 Millionen im Jahr 2022. Diese Zahl ist fast wieder auf das Vor-Pandemie-Niveau von 12,9 Millionen im Jahr 2019 zur\u00fcckgekehrt.<\/li>\n<li>Die dritte Dosis des Impfstoffs gegen Diphtherie, Tetanus und Keuchhusten (DTP3) hatte 2021 mit einer Durchimpfungsrate von 81 % zu k\u00e4mpfen. Es wurden jedoch Fortschritte erzielt, und die Durchimpfungsrate ist auf 84 % im Jahr 2022 gestiegen.<\/li>\n<li>Der Anteil der Kinder, die eine erste Dosis des Masernimpfstoffs erhielten, stieg von 81 % im Jahr 2021 auf 83 % im Jahr 2022, blieb aber unter dem 2019 erreichten Niveau von 86 %.<\/li>\n<li>Die weltweite Durchimpfungsrate mit der ersten HPV-Dosis bei M\u00e4dchen stieg von 16 % im Jahr 2021 auf 21 % im Jahr 2022.<\/li>\n<li>Die Durchimpfungsrate gegen Gelbfieber in Hochrisikol\u00e4ndern liegt bei 48 % und damit deutlich unter der empfohlenen Durchimpfungsrate von 80 %.<\/li>\n<\/ol>\n<p>Christeyns ist ein weltweit t\u00e4tiger Spezialist f\u00fcr Reinigungs- und Desinfektionsl\u00f6sungen f\u00fcr die Pharma- und Kosmetikindustrie. Kontaktieren Sie uns, um mehr dar\u00fcber zu erfahren, wie wir Ihnen helfen k\u00f6nnen, Ihre Reinigungs- und Desinfektionsanforderungen zu erf\u00fcllen.<\/p>\n<p>Referenzen:<\/p>\n<p><a href=\"https:\/\/ourworldindata.org\/covid-vaccinations\">Coronavirus (COVID-19) Vaccinations &#8211; Our World in Data<\/a><\/p>\n<p><a href=\"https:\/\/www.who.int\/news-room\/fact-sheets\/detail\/immunization-coverage\">Immunization coverage (who.int)<\/a><\/p>\n<p>Global immunization highlights (cdc.gov)<\/p>\n","protected":false},"excerpt":{"rendered":"<p>Jedes Jahr findet in der letzten Aprilwoche die Weltimpfwoche statt. Das kommt nicht von ungef\u00e4hr. Es f\u00e4llt mit dem Jahrestag der Gr\u00fcndung der Weltgesundheitsorganisation (WHO) am 7. April 1948 zusammen. Ziel dieser Aktionswoche ist es, kollektive Ma\u00dfnahmen zum Schutz der Menschen vor durch Impfung vermeidbaren Krankheiten hervorzuheben. Impfungen tragen dazu bei, Kinder, Erwachsene und ihre [&hellip;]<\/p>\n","protected":false},"author":39,"featured_media":105523,"comment_status":"closed","ping_status":"closed","sticky":false,"template":"","format":"standard","meta":{"_acf_changed":false,"content-type":"","footnotes":""},"categories":[697,3206],"tags":[3211,3208,3209,3210],"class_list":["post-133170","post","type-post","status-publish","format-standard","hentry","category-life-sciences-de-de","category-pharmaceutical-industry-de-de","tag-covid","tag-impfung","tag-pharmaindustrie","tag-weltimpfwoche"],"acf":[],"yoast_head":"<!-- This site is optimized with the Yoast SEO plugin v26.9 - https:\/\/yoast.com\/product\/yoast-seo-wordpress\/ -->\n<title>Weltimpfwoche: Wie Impfstoffe unsere Welt pr\u00e4gen<\/title>\n<meta name=\"description\" content=\"Ziel der Weltimpfwoche ist es, das gemeinsame Handeln zum Schutz der Menschen vor durch Impfung vermeidbaren Krankheiten hervorzuheben.\" \/>\n<meta name=\"robots\" content=\"index, follow, max-snippet:-1, max-image-preview:large, max-video-preview:-1\" \/>\n<link rel=\"canonical\" href=\"https:\/\/www.christeyns.com\/de-de\/weltimpfwoche-wie-impfstoffe-unsere-welt-praegen\/\" \/>\n<meta property=\"og:locale\" content=\"de_DE\" \/>\n<meta property=\"og:type\" content=\"article\" \/>\n<meta property=\"og:title\" content=\"Weltimpfwoche: Wie Impfstoffe unsere Welt pr\u00e4gen\" \/>\n<meta property=\"og:description\" content=\"Ziel der Weltimpfwoche ist es, das gemeinsame Handeln zum Schutz der Menschen vor durch Impfung vermeidbaren Krankheiten hervorzuheben.\" \/>\n<meta property=\"og:url\" content=\"https:\/\/www.christeyns.com\/de-de\/weltimpfwoche-wie-impfstoffe-unsere-welt-praegen\/\" \/>\n<meta property=\"og:site_name\" content=\"Christeyns\" \/>\n<meta property=\"article:published_time\" content=\"2024-04-02T16:08:15+00:00\" \/>\n<meta property=\"article:modified_time\" content=\"2025-04-23T08:50:33+00:00\" \/>\n<meta property=\"og:image\" content=\"https:\/\/www.christeyns.com\/wp-content\/uploads\/2024\/03\/2149187465.jpg\" \/>\n\t<meta property=\"og:image:width\" content=\"1500\" \/>\n\t<meta property=\"og:image:height\" content=\"1000\" \/>\n\t<meta property=\"og:image:type\" content=\"image\/jpeg\" \/>\n<meta name=\"author\" content=\"Monica Correia\" \/>\n<meta name=\"twitter:card\" content=\"summary_large_image\" \/>\n<meta name=\"twitter:label1\" content=\"Verfasst von\" \/>\n\t<meta name=\"twitter:data1\" content=\"Monica Correia\" \/>\n\t<meta name=\"twitter:label2\" content=\"Gesch\u00e4tzte Lesezeit\" \/>\n\t<meta name=\"twitter:data2\" content=\"3\u00a0Minuten\" \/>\n<script type=\"application\/ld+json\" class=\"yoast-schema-graph\">{\"@context\":\"https:\/\/schema.org\",\"@graph\":[{\"@type\":\"Article\",\"@id\":\"https:\/\/www.christeyns.com\/de-de\/weltimpfwoche-wie-impfstoffe-unsere-welt-praegen\/#article\",\"isPartOf\":{\"@id\":\"https:\/\/www.christeyns.com\/de-de\/weltimpfwoche-wie-impfstoffe-unsere-welt-praegen\/\"},\"author\":{\"name\":\"Monica Correia\",\"@id\":\"https:\/\/www.christeyns.com\/de-de\/#\/schema\/person\/c8e8e6f50c4e8ea1205501a03f4b4363\"},\"headline\":\"Weltimpfwoche: Wie Impfstoffe unsere Welt pr\u00e4gen\",\"datePublished\":\"2024-04-02T16:08:15+00:00\",\"dateModified\":\"2025-04-23T08:50:33+00:00\",\"mainEntityOfPage\":{\"@id\":\"https:\/\/www.christeyns.com\/de-de\/weltimpfwoche-wie-impfstoffe-unsere-welt-praegen\/\"},\"wordCount\":500,\"publisher\":{\"@id\":\"https:\/\/www.christeyns.com\/de-de\/#organization\"},\"image\":{\"@id\":\"https:\/\/www.christeyns.com\/de-de\/weltimpfwoche-wie-impfstoffe-unsere-welt-praegen\/#primaryimage\"},\"thumbnailUrl\":\"https:\/\/www.christeyns.com\/wp-content\/uploads\/2024\/03\/2149187465.jpg\",\"keywords\":[\"Covid\",\"impfung\",\"pharmaindustrie\",\"weltimpfwoche\"],\"articleSection\":[\"Life Sciences\",\"Pharmaceutical Industry\"],\"inLanguage\":\"de\"},{\"@type\":\"WebPage\",\"@id\":\"https:\/\/www.christeyns.com\/de-de\/weltimpfwoche-wie-impfstoffe-unsere-welt-praegen\/\",\"url\":\"https:\/\/www.christeyns.com\/de-de\/weltimpfwoche-wie-impfstoffe-unsere-welt-praegen\/\",\"name\":\"Weltimpfwoche: Wie Impfstoffe unsere Welt pr\u00e4gen\",\"isPartOf\":{\"@id\":\"https:\/\/www.christeyns.com\/de-de\/#website\"},\"primaryImageOfPage\":{\"@id\":\"https:\/\/www.christeyns.com\/de-de\/weltimpfwoche-wie-impfstoffe-unsere-welt-praegen\/#primaryimage\"},\"image\":{\"@id\":\"https:\/\/www.christeyns.com\/de-de\/weltimpfwoche-wie-impfstoffe-unsere-welt-praegen\/#primaryimage\"},\"thumbnailUrl\":\"https:\/\/www.christeyns.com\/wp-content\/uploads\/2024\/03\/2149187465.jpg\",\"datePublished\":\"2024-04-02T16:08:15+00:00\",\"dateModified\":\"2025-04-23T08:50:33+00:00\",\"description\":\"Ziel der Weltimpfwoche ist es, das gemeinsame Handeln zum Schutz der Menschen vor durch Impfung vermeidbaren Krankheiten hervorzuheben.\",\"breadcrumb\":{\"@id\":\"https:\/\/www.christeyns.com\/de-de\/weltimpfwoche-wie-impfstoffe-unsere-welt-praegen\/#breadcrumb\"},\"inLanguage\":\"de\",\"potentialAction\":[{\"@type\":\"ReadAction\",\"target\":[\"https:\/\/www.christeyns.com\/de-de\/weltimpfwoche-wie-impfstoffe-unsere-welt-praegen\/\"]}]},{\"@type\":\"ImageObject\",\"inLanguage\":\"de\",\"@id\":\"https:\/\/www.christeyns.com\/de-de\/weltimpfwoche-wie-impfstoffe-unsere-welt-praegen\/#primaryimage\",\"url\":\"https:\/\/www.christeyns.com\/wp-content\/uploads\/2024\/03\/2149187465.jpg\",\"contentUrl\":\"https:\/\/www.christeyns.com\/wp-content\/uploads\/2024\/03\/2149187465.jpg\",\"width\":1500,\"height\":1000,\"caption\":\"World Immunisation Week\"},{\"@type\":\"BreadcrumbList\",\"@id\":\"https:\/\/www.christeyns.com\/de-de\/weltimpfwoche-wie-impfstoffe-unsere-welt-praegen\/#breadcrumb\",\"itemListElement\":[{\"@type\":\"ListItem\",\"position\":1,\"name\":\"Home\",\"item\":\"https:\/\/www.christeyns.com\/de-de\/\"},{\"@type\":\"ListItem\",\"position\":2,\"name\":\"Weltimpfwoche: Wie Impfstoffe unsere Welt pr\u00e4gen\"}]},{\"@type\":\"WebSite\",\"@id\":\"https:\/\/www.christeyns.com\/de-de\/#website\",\"url\":\"https:\/\/www.christeyns.com\/de-de\/\",\"name\":\"Christeyns\",\"description\":\"Christeyns - Striving for a cleaner future\",\"publisher\":{\"@id\":\"https:\/\/www.christeyns.com\/de-de\/#organization\"},\"inLanguage\":\"de\"},{\"@type\":\"Organization\",\"@id\":\"https:\/\/www.christeyns.com\/de-de\/#organization\",\"name\":\"Christeyns\",\"url\":\"https:\/\/www.christeyns.com\/de-de\/\",\"logo\":{\"@type\":\"ImageObject\",\"inLanguage\":\"de\",\"@id\":\"https:\/\/www.christeyns.com\/de-de\/#\/schema\/logo\/image\/\",\"url\":\"https:\/\/www.christeyns.com\/wp-content\/uploads\/2021\/06\/logo.png\",\"contentUrl\":\"https:\/\/www.christeyns.com\/wp-content\/uploads\/2021\/06\/logo.png\",\"width\":262,\"height\":40,\"caption\":\"Christeyns\"},\"image\":{\"@id\":\"https:\/\/www.christeyns.com\/de-de\/#\/schema\/logo\/image\/\"},\"sameAs\":[\"https:\/\/www.linkedin.com\/company\/christeyns\",\"https:\/\/www.youtube.com\/c\/christeynshq\"]},{\"@type\":\"Person\",\"@id\":\"https:\/\/www.christeyns.com\/de-de\/#\/schema\/person\/c8e8e6f50c4e8ea1205501a03f4b4363\",\"name\":\"Monica Correia\"}]}<\/script>\n<!-- \/ Yoast SEO plugin. -->","yoast_head_json":{"title":"Weltimpfwoche: Wie Impfstoffe unsere Welt pr\u00e4gen","description":"Ziel der Weltimpfwoche ist es, das gemeinsame Handeln zum Schutz der Menschen vor durch Impfung vermeidbaren Krankheiten hervorzuheben.","robots":{"index":"index","follow":"follow","max-snippet":"max-snippet:-1","max-image-preview":"max-image-preview:large","max-video-preview":"max-video-preview:-1"},"canonical":"https:\/\/www.christeyns.com\/de-de\/weltimpfwoche-wie-impfstoffe-unsere-welt-praegen\/","og_locale":"de_DE","og_type":"article","og_title":"Weltimpfwoche: Wie Impfstoffe unsere Welt pr\u00e4gen","og_description":"Ziel der Weltimpfwoche ist es, das gemeinsame Handeln zum Schutz der Menschen vor durch Impfung vermeidbaren Krankheiten hervorzuheben.","og_url":"https:\/\/www.christeyns.com\/de-de\/weltimpfwoche-wie-impfstoffe-unsere-welt-praegen\/","og_site_name":"Christeyns","article_published_time":"2024-04-02T16:08:15+00:00","article_modified_time":"2025-04-23T08:50:33+00:00","og_image":[{"width":1500,"height":1000,"url":"https:\/\/www.christeyns.com\/wp-content\/uploads\/2024\/03\/2149187465.jpg","type":"image\/jpeg"}],"author":"Monica Correia","twitter_card":"summary_large_image","twitter_misc":{"Verfasst von":"Monica Correia","Gesch\u00e4tzte Lesezeit":"3\u00a0Minuten"},"schema":{"@context":"https:\/\/schema.org","@graph":[{"@type":"Article","@id":"https:\/\/www.christeyns.com\/de-de\/weltimpfwoche-wie-impfstoffe-unsere-welt-praegen\/#article","isPartOf":{"@id":"https:\/\/www.christeyns.com\/de-de\/weltimpfwoche-wie-impfstoffe-unsere-welt-praegen\/"},"author":{"name":"Monica Correia","@id":"https:\/\/www.christeyns.com\/de-de\/#\/schema\/person\/c8e8e6f50c4e8ea1205501a03f4b4363"},"headline":"Weltimpfwoche: Wie Impfstoffe unsere Welt pr\u00e4gen","datePublished":"2024-04-02T16:08:15+00:00","dateModified":"2025-04-23T08:50:33+00:00","mainEntityOfPage":{"@id":"https:\/\/www.christeyns.com\/de-de\/weltimpfwoche-wie-impfstoffe-unsere-welt-praegen\/"},"wordCount":500,"publisher":{"@id":"https:\/\/www.christeyns.com\/de-de\/#organization"},"image":{"@id":"https:\/\/www.christeyns.com\/de-de\/weltimpfwoche-wie-impfstoffe-unsere-welt-praegen\/#primaryimage"},"thumbnailUrl":"https:\/\/www.christeyns.com\/wp-content\/uploads\/2024\/03\/2149187465.jpg","keywords":["Covid","impfung","pharmaindustrie","weltimpfwoche"],"articleSection":["Life Sciences","Pharmaceutical Industry"],"inLanguage":"de"},{"@type":"WebPage","@id":"https:\/\/www.christeyns.com\/de-de\/weltimpfwoche-wie-impfstoffe-unsere-welt-praegen\/","url":"https:\/\/www.christeyns.com\/de-de\/weltimpfwoche-wie-impfstoffe-unsere-welt-praegen\/","name":"Weltimpfwoche: Wie Impfstoffe unsere Welt pr\u00e4gen","isPartOf":{"@id":"https:\/\/www.christeyns.com\/de-de\/#website"},"primaryImageOfPage":{"@id":"https:\/\/www.christeyns.com\/de-de\/weltimpfwoche-wie-impfstoffe-unsere-welt-praegen\/#primaryimage"},"image":{"@id":"https:\/\/www.christeyns.com\/de-de\/weltimpfwoche-wie-impfstoffe-unsere-welt-praegen\/#primaryimage"},"thumbnailUrl":"https:\/\/www.christeyns.com\/wp-content\/uploads\/2024\/03\/2149187465.jpg","datePublished":"2024-04-02T16:08:15+00:00","dateModified":"2025-04-23T08:50:33+00:00","description":"Ziel der Weltimpfwoche ist es, das gemeinsame Handeln zum Schutz der Menschen vor durch Impfung vermeidbaren Krankheiten hervorzuheben.","breadcrumb":{"@id":"https:\/\/www.christeyns.com\/de-de\/weltimpfwoche-wie-impfstoffe-unsere-welt-praegen\/#breadcrumb"},"inLanguage":"de","potentialAction":[{"@type":"ReadAction","target":["https:\/\/www.christeyns.com\/de-de\/weltimpfwoche-wie-impfstoffe-unsere-welt-praegen\/"]}]},{"@type":"ImageObject","inLanguage":"de","@id":"https:\/\/www.christeyns.com\/de-de\/weltimpfwoche-wie-impfstoffe-unsere-welt-praegen\/#primaryimage","url":"https:\/\/www.christeyns.com\/wp-content\/uploads\/2024\/03\/2149187465.jpg","contentUrl":"https:\/\/www.christeyns.com\/wp-content\/uploads\/2024\/03\/2149187465.jpg","width":1500,"height":1000,"caption":"World Immunisation Week"},{"@type":"BreadcrumbList","@id":"https:\/\/www.christeyns.com\/de-de\/weltimpfwoche-wie-impfstoffe-unsere-welt-praegen\/#breadcrumb","itemListElement":[{"@type":"ListItem","position":1,"name":"Home","item":"https:\/\/www.christeyns.com\/de-de\/"},{"@type":"ListItem","position":2,"name":"Weltimpfwoche: Wie Impfstoffe unsere Welt pr\u00e4gen"}]},{"@type":"WebSite","@id":"https:\/\/www.christeyns.com\/de-de\/#website","url":"https:\/\/www.christeyns.com\/de-de\/","name":"Christeyns","description":"Christeyns - Striving for a cleaner future","publisher":{"@id":"https:\/\/www.christeyns.com\/de-de\/#organization"},"inLanguage":"de"},{"@type":"Organization","@id":"https:\/\/www.christeyns.com\/de-de\/#organization","name":"Christeyns","url":"https:\/\/www.christeyns.com\/de-de\/","logo":{"@type":"ImageObject","inLanguage":"de","@id":"https:\/\/www.christeyns.com\/de-de\/#\/schema\/logo\/image\/","url":"https:\/\/www.christeyns.com\/wp-content\/uploads\/2021\/06\/logo.png","contentUrl":"https:\/\/www.christeyns.com\/wp-content\/uploads\/2021\/06\/logo.png","width":262,"height":40,"caption":"Christeyns"},"image":{"@id":"https:\/\/www.christeyns.com\/de-de\/#\/schema\/logo\/image\/"},"sameAs":["https:\/\/www.linkedin.com\/company\/christeyns","https:\/\/www.youtube.com\/c\/christeynshq"]},{"@type":"Person","@id":"https:\/\/www.christeyns.com\/de-de\/#\/schema\/person\/c8e8e6f50c4e8ea1205501a03f4b4363","name":"Monica Correia"}]}},"_links":{"self":[{"href":"https:\/\/www.christeyns.com\/de-de\/wp-json\/wp\/v2\/posts\/133170","targetHints":{"allow":["GET"]}}],"collection":[{"href":"https:\/\/www.christeyns.com\/de-de\/wp-json\/wp\/v2\/posts"}],"about":[{"href":"https:\/\/www.christeyns.com\/de-de\/wp-json\/wp\/v2\/types\/post"}],"author":[{"embeddable":true,"href":"https:\/\/www.christeyns.com\/de-de\/wp-json\/wp\/v2\/users\/39"}],"replies":[{"embeddable":true,"href":"https:\/\/www.christeyns.com\/de-de\/wp-json\/wp\/v2\/comments?post=133170"}],"version-history":[{"count":3,"href":"https:\/\/www.christeyns.com\/de-de\/wp-json\/wp\/v2\/posts\/133170\/revisions"}],"predecessor-version":[{"id":133175,"href":"https:\/\/www.christeyns.com\/de-de\/wp-json\/wp\/v2\/posts\/133170\/revisions\/133175"}],"wp:featuredmedia":[{"embeddable":true,"href":"https:\/\/www.christeyns.com\/de-de\/wp-json\/wp\/v2\/media\/105523"}],"wp:attachment":[{"href":"https:\/\/www.christeyns.com\/de-de\/wp-json\/wp\/v2\/media?parent=133170"}],"wp:term":[{"taxonomy":"category","embeddable":true,"href":"https:\/\/www.christeyns.com\/de-de\/wp-json\/wp\/v2\/categories?post=133170"},{"taxonomy":"post_tag","embeddable":true,"href":"https:\/\/www.christeyns.com\/de-de\/wp-json\/wp\/v2\/tags?post=133170"}],"curies":[{"name":"wp","href":"https:\/\/api.w.org\/{rel}","templated":true}]}}