{"id":131027,"date":"2024-10-29T15:52:44","date_gmt":"2024-10-29T15:52:44","guid":{"rendered":"https:\/\/www.christeyns.com\/waste-reduction-a-call-to-action-for-a-more-sustainable-way-of-life\/"},"modified":"2025-03-17T11:14:22","modified_gmt":"2025-03-17T11:14:22","slug":"waste-reduction-sustainable-way-of-life","status":"publish","type":"post","link":"https:\/\/www.christeyns.com\/de-de\/waste-reduction-sustainable-way-of-life\/","title":{"rendered":"Abfallreduzierung: ein Aufruf zu einer nachhaltigeren Lebensweise"},"content":{"rendered":"<p>Der November ist ein Monat, in dem wir aufgerufen sind, \u00fcber die Abfallreduzierung nachzudenken. Die Europ\u00e4ische Woche zur Abfallvermeidung (EWWR), die in der Regel in der vorletzten oder letzten Woche des Monats stattfindet, ist Europas gr\u00f6\u00dfte Sensibilisierungskampagne zur Abfallvermeidung und eine wichtige Initiative, um das Bewusstsein f\u00fcr eine nachhaltige Ressourcen- und Abfallwirtschaft in ganz Europa zu sch\u00e4rfen. Ziel ist es, Einzelpersonen, Unternehmen und Regierungen zu mobilisieren, konkrete Ma\u00dfnahmen zu ergreifen, um Abfall zu reduzieren, Produkte wiederzuverwenden und Materialien zu recyceln. EWWR-Aktionen basieren auf den 3Rs: Reduce, Reuse, Recycle \u2013 in dieser Reihenfolge.<\/p>\n<p>Bei Christeyns f\u00fcgen wir ein weiteres R an der Spitze hinzu: Refuse and Rethink \u2013 \u00dcberdenken und Ablehnen, weil wir glauben, dass dies einer der st\u00e4rksten Momente des Konsums ist.<\/p>\n<p>Zusammengenommen sind dies die R&#8217;s, die nicht nur die Art und Weise pr\u00e4gen, wie wir als Verbraucher konsumieren, sondern auch die Art und Weise, wie wir als Hersteller unsere Produkte gestalten.<\/p>\n<div id=\"attachment_124197\" style=\"width: 639px\" class=\"wp-caption aligncenter\"><img loading=\"lazy\" decoding=\"async\" aria-describedby=\"caption-attachment-124197\" class=\" wp-image-124197\" src=\"https:\/\/www.christeyns.com\/wp-content\/uploads\/2024\/10\/Imagem1-Christeyns-Pyramid-for-waste-reduction-300x190.png\" alt=\"Christeyns waste hierarchy\" width=\"629\" height=\"399\" srcset=\"https:\/\/www.christeyns.com\/wp-content\/uploads\/2024\/10\/Imagem1-Christeyns-Pyramid-for-waste-reduction-300x190.png 300w, https:\/\/www.christeyns.com\/wp-content\/uploads\/2024\/10\/Imagem1-Christeyns-Pyramid-for-waste-reduction-540x342.png 540w, https:\/\/www.christeyns.com\/wp-content\/uploads\/2024\/10\/Imagem1-Christeyns-Pyramid-for-waste-reduction.png 569w\" sizes=\"(max-width: 629px) 100vw, 629px\" \/><p id=\"caption-attachment-124197\" class=\"wp-caption-text\">Christeyns waste hierarchy<\/p><\/div>\n<p>&nbsp;<\/p>\n<p>Es ist kein Zufall, dass die 3R&#8217;s an der Spitze der Abfallhierarchie stehen, denn so sollte die Abfallhierarchie pers\u00f6nliche (oder organisatorische) Entscheidungen beeinflussen:<\/p>\n<p><strong>Auf pers\u00f6nlicher Ebene<\/strong><\/p>\n<p><span class=\"text-green\"><strong>Reduzieren (Reduce):<\/strong><\/span><\/p>\n<p>Reduzierung bedeutet, in Zukunft keinen zus\u00e4tzlichen Abfall zu erzeugen und die Art und Weise, wie wir unsere Produkte herstellen, zu \u00fcberdenken. Die wichtigste Frage, die wir uns stellen sollten, ist, ob wir etwas wirklich brauchen, bevor wir es kaufen. Diese \u00dcberlegung sollte sich auch auf die Verpackung beziehen, in der die Produkte geliefert werden. Ist es wirklich notwendig oder k\u00f6nnte man das Produkt mit weniger Verpackung kaufen?\u00a0 Wir k\u00f6nnten auch \u00fcberlegen, ob die Gegenst\u00e4nde, die wir brauchen, geliehen oder repariert werden k\u00f6nnten, wenn sie kaputt sind, oder ob wir sie mit jemandem teilen k\u00f6nnten.<\/p>\n<p><span class=\"text-green\"><strong>Wiederverwendung (Reuse):<\/strong><\/span><\/p>\n<p>Eine Wiederverwendungsmentalit\u00e4t ist essenziell, um ein gewissenhafter Verbraucher zu werden. Einwegartikel sollten in allen Lebensbereichen durch Mehrwegartikel ersetzt werden. Wenn wir so agieren, k\u00f6nnen wir eine Bewegung innerhalb unseres Freundes- und Familienkreises anf\u00fchren und beeinflussen andere positiv auf dem Weg ihr Verhalten im Sinne der Nachhaltigkeit zu \u00e4ndern.<\/p>\n<p><span class=\"text-green\"><strong>Recycling:<\/strong><\/span><\/p>\n<p>Recycling sollte nicht die bevorzugte Option darstellen, da es bedeutet, dass bereits Abfall angefallen ist. Oberste Priorit\u00e4t sollte immer die komplette Vermeidung von Abfall sein. Wenn es keine anderen Optionen gibt, sollte Recycling dennoch nur einen kleinen Teil der Bem\u00fchungen darstellen.<\/p>\n<p><strong>Auf Unternehmensebene<\/strong><\/p>\n<p>W\u00e4hrend jeder Einzelne einen Unterschied machen kann, kann noch viel mehr erreicht werden, wenn sich auch Unternehmen zu diesen Praktiken verpflichten. Dies ist bei Christeyns der Fall, wir haben uns verpflichtet, die in unseren Betrieben anfallende Abfallmenge zu reduzieren. Unser Ziel ist es, den Abfall um 5 % pro produzierter Tonne pro Jahr zu reduzieren.<\/p>\n<div id=\"attachment_124211\" style=\"width: 417px\" class=\"wp-caption aligncenter\"><img loading=\"lazy\" decoding=\"async\" aria-describedby=\"caption-attachment-124211\" class=\"wp-image-124211\" src=\"https:\/\/www.christeyns.com\/wp-content\/uploads\/2024\/10\/Annual-amount-of-waste-per-tonne-at-Christeyns-300x165.png\" alt=\"Annual amount of waste per tonne at Christeyns\" width=\"407\" height=\"224\" srcset=\"https:\/\/www.christeyns.com\/wp-content\/uploads\/2024\/10\/Annual-amount-of-waste-per-tonne-at-Christeyns-300x165.png 300w, https:\/\/www.christeyns.com\/wp-content\/uploads\/2024\/10\/Annual-amount-of-waste-per-tonne-at-Christeyns.png 412w\" sizes=\"(max-width: 407px) 100vw, 407px\" \/><p id=\"caption-attachment-124211\" class=\"wp-caption-text\">J\u00e4hrliche Abfallmenge pro Tonne bei Christeyns<\/p><\/div>\n<p>Es ist noch ein langer Weg und wir sind unerm\u00fcdlich in unserem Streben nach kontinuierlicher Verbesserung. Hier sind einige wichtige Ma\u00dfnahmen, die wir im Laufe der Jahre ergriffen haben:<\/p>\n<p><span class=\"text-green\"><strong>\u00a0Reduzieren (Reduce):<\/strong><\/span><\/p>\n<p>Unsere Forschungs- und Entwicklungsabteilung arbeitet st\u00e4ndig daran, neue, effizientere und wenn m\u00f6glich konzentriertere Produkte zu entwickeln. Unsere Engineering-Abteilung arbeitet unerm\u00fcdlich an der Entwicklung innovativer Ger\u00e4te, die es beispielsweise erm\u00f6glichen, Produkte \u00fcber IBCs (Intermediate Bulk Container; ugs. Gittertank) abzugeben. Wir bevorzugen auch die Lieferung in gro\u00dfen Mengen, wodurch Verpackungen \u00fcberfl\u00fcssig werden.<\/p>\n<p><span class=\"text-green\"><strong>Wiederverwendung (Reuse):<\/strong><\/span><\/p>\n<p>Rund 20 % unserer Produktionsleistung haben wir in wiederverwendeten Verpackungen angeliefert: Wo immer m\u00f6glich, haben wir IBC und 200-Liter-F\u00e4sser wiederverwendet.<\/p>\n<p><span class=\"text-green\"><strong>Recycle:<\/strong><\/span><\/p>\n<p>Einen kleinen Teil unserer Produkte liefern wir bereits in recycelten Verpackungen aus. Wir bem\u00fchen uns auch sicherzustellen, dass unser Verpackungsmaterial nach M\u00f6glichkeit in eine Recyclinganlage geschickt wird. Aufgrund der Sicherheitsstandards und -vorschriften in unserer Branche sind unsere M\u00f6glichkeiten jedoch leider begrenzt, weshalb wir uns auf die erste Stufe der Pyramide konzentrieren: rethink &amp; reduce + reuse.<\/p>\n<p>Wir sind eindeutig auf dem richtigen Weg und wollen jedes Jahr mehr erreichen. Mehr \u00fcber unsere Nachhaltigkeitspraktiken erfahren, Sie in unserem <a href=\"https:\/\/www.christeyns.com\/de-de\/eine-saubere-zukunft\/\">CSR report<\/a>.<\/p>\n<p><span class=\"text-small\">(*) Zu den Abf\u00e4llen geh\u00f6ren Pappe und Papier, Kunststoffe, Holz und allgemeine Abf\u00e4lle.<\/span><\/p>\n","protected":false},"excerpt":{"rendered":"<p>Der November ist ein Monat, in dem wir aufgerufen sind, \u00fcber die Abfallreduzierung nachzudenken. Die Europ\u00e4ische Woche zur Abfallvermeidung (EWWR), die in der Regel in der vorletzten oder letzten Woche des Monats stattfindet, ist Europas gr\u00f6\u00dfte Sensibilisierungskampagne zur Abfallvermeidung und eine wichtige Initiative, um das Bewusstsein f\u00fcr eine nachhaltige Ressourcen- und Abfallwirtschaft in ganz Europa [&hellip;]<\/p>\n","protected":false},"author":39,"featured_media":124400,"comment_status":"closed","ping_status":"closed","sticky":false,"template":"","format":"standard","meta":{"_acf_changed":false,"content-type":"","footnotes":""},"categories":[2937],"tags":[2083,3109],"class_list":["post-131027","post","type-post","status-publish","format-standard","hentry","category-sustainability-de-de","tag-sustainability-de-de","tag-waste-reduction-de-de"],"acf":[],"yoast_head":"<!-- This site is optimized with the Yoast SEO plugin v26.9 - https:\/\/yoast.com\/product\/yoast-seo-wordpress\/ -->\n<title>Abfallreduzierung: ein Aufruf zu einer nachhaltigeren Lebensweise | Christeyns<\/title>\n<meta name=\"description\" content=\"Waste reduction week aims to mobilise individuals, businesses, and governments to take concrete actions to reduce waste, reuse products, and recycle materials.\" \/>\n<meta name=\"robots\" content=\"index, follow, max-snippet:-1, max-image-preview:large, max-video-preview:-1\" \/>\n<link rel=\"canonical\" href=\"https:\/\/www.christeyns.com\/de-de\/waste-reduction-sustainable-way-of-life\/\" \/>\n<meta property=\"og:locale\" content=\"de_DE\" \/>\n<meta property=\"og:type\" content=\"article\" \/>\n<meta property=\"og:title\" content=\"Abfallreduzierung: ein Aufruf zu einer nachhaltigeren Lebensweise | Christeyns\" \/>\n<meta property=\"og:description\" content=\"Waste reduction week aims to mobilise individuals, businesses, and governments to take concrete actions to reduce waste, reuse products, and recycle materials.\" \/>\n<meta property=\"og:url\" content=\"https:\/\/www.christeyns.com\/de-de\/waste-reduction-sustainable-way-of-life\/\" \/>\n<meta property=\"og:site_name\" content=\"Christeyns\" \/>\n<meta property=\"article:published_time\" content=\"2024-10-29T15:52:44+00:00\" \/>\n<meta property=\"article:modified_time\" content=\"2025-03-17T11:14:22+00:00\" \/>\n<meta property=\"og:image\" content=\"https:\/\/www.christeyns.com\/wp-content\/uploads\/2024\/10\/IMG_3326-Red.jpg\" \/>\n\t<meta property=\"og:image:width\" content=\"600\" \/>\n\t<meta property=\"og:image:height\" content=\"450\" \/>\n\t<meta property=\"og:image:type\" content=\"image\/jpeg\" \/>\n<meta name=\"author\" content=\"Monica Correia\" \/>\n<meta name=\"twitter:card\" content=\"summary_large_image\" \/>\n<meta name=\"twitter:label1\" content=\"Verfasst von\" \/>\n\t<meta name=\"twitter:data1\" content=\"Monica Correia\" \/>\n\t<meta name=\"twitter:label2\" content=\"Gesch\u00e4tzte Lesezeit\" \/>\n\t<meta name=\"twitter:data2\" content=\"4\u00a0Minuten\" \/>\n<script type=\"application\/ld+json\" class=\"yoast-schema-graph\">{\"@context\":\"https:\/\/schema.org\",\"@graph\":[{\"@type\":\"Article\",\"@id\":\"https:\/\/www.christeyns.com\/de-de\/waste-reduction-sustainable-way-of-life\/#article\",\"isPartOf\":{\"@id\":\"https:\/\/www.christeyns.com\/de-de\/waste-reduction-sustainable-way-of-life\/\"},\"author\":{\"name\":\"Monica Correia\",\"@id\":\"https:\/\/www.christeyns.com\/de-de\/#\/schema\/person\/c8e8e6f50c4e8ea1205501a03f4b4363\"},\"headline\":\"Abfallreduzierung: ein Aufruf zu einer nachhaltigeren Lebensweise\",\"datePublished\":\"2024-10-29T15:52:44+00:00\",\"dateModified\":\"2025-03-17T11:14:22+00:00\",\"mainEntityOfPage\":{\"@id\":\"https:\/\/www.christeyns.com\/de-de\/waste-reduction-sustainable-way-of-life\/\"},\"wordCount\":685,\"publisher\":{\"@id\":\"https:\/\/www.christeyns.com\/de-de\/#organization\"},\"image\":{\"@id\":\"https:\/\/www.christeyns.com\/de-de\/waste-reduction-sustainable-way-of-life\/#primaryimage\"},\"thumbnailUrl\":\"https:\/\/www.christeyns.com\/wp-content\/uploads\/2024\/10\/IMG_3326-Red.jpg\",\"keywords\":[\"sustainability\",\"waste reduction\"],\"articleSection\":[\"Sustainability\"],\"inLanguage\":\"de\"},{\"@type\":\"WebPage\",\"@id\":\"https:\/\/www.christeyns.com\/de-de\/waste-reduction-sustainable-way-of-life\/\",\"url\":\"https:\/\/www.christeyns.com\/de-de\/waste-reduction-sustainable-way-of-life\/\",\"name\":\"Abfallreduzierung: ein Aufruf zu einer nachhaltigeren Lebensweise | Christeyns\",\"isPartOf\":{\"@id\":\"https:\/\/www.christeyns.com\/de-de\/#website\"},\"primaryImageOfPage\":{\"@id\":\"https:\/\/www.christeyns.com\/de-de\/waste-reduction-sustainable-way-of-life\/#primaryimage\"},\"image\":{\"@id\":\"https:\/\/www.christeyns.com\/de-de\/waste-reduction-sustainable-way-of-life\/#primaryimage\"},\"thumbnailUrl\":\"https:\/\/www.christeyns.com\/wp-content\/uploads\/2024\/10\/IMG_3326-Red.jpg\",\"datePublished\":\"2024-10-29T15:52:44+00:00\",\"dateModified\":\"2025-03-17T11:14:22+00:00\",\"description\":\"Waste reduction week aims to mobilise individuals, businesses, and governments to take concrete actions to reduce waste, reuse products, and recycle materials.\",\"breadcrumb\":{\"@id\":\"https:\/\/www.christeyns.com\/de-de\/waste-reduction-sustainable-way-of-life\/#breadcrumb\"},\"inLanguage\":\"de\",\"potentialAction\":[{\"@type\":\"ReadAction\",\"target\":[\"https:\/\/www.christeyns.com\/de-de\/waste-reduction-sustainable-way-of-life\/\"]}]},{\"@type\":\"ImageObject\",\"inLanguage\":\"de\",\"@id\":\"https:\/\/www.christeyns.com\/de-de\/waste-reduction-sustainable-way-of-life\/#primaryimage\",\"url\":\"https:\/\/www.christeyns.com\/wp-content\/uploads\/2024\/10\/IMG_3326-Red.jpg\",\"contentUrl\":\"https:\/\/www.christeyns.com\/wp-content\/uploads\/2024\/10\/IMG_3326-Red.jpg\",\"width\":600,\"height\":450,\"caption\":\"waste reduction-cleanning IBC's\"},{\"@type\":\"BreadcrumbList\",\"@id\":\"https:\/\/www.christeyns.com\/de-de\/waste-reduction-sustainable-way-of-life\/#breadcrumb\",\"itemListElement\":[{\"@type\":\"ListItem\",\"position\":1,\"name\":\"Home\",\"item\":\"https:\/\/www.christeyns.com\/de-de\/\"},{\"@type\":\"ListItem\",\"position\":2,\"name\":\"Abfallreduzierung: ein Aufruf zu einer nachhaltigeren Lebensweise\"}]},{\"@type\":\"WebSite\",\"@id\":\"https:\/\/www.christeyns.com\/de-de\/#website\",\"url\":\"https:\/\/www.christeyns.com\/de-de\/\",\"name\":\"Christeyns\",\"description\":\"Christeyns - Striving for a cleaner future\",\"publisher\":{\"@id\":\"https:\/\/www.christeyns.com\/de-de\/#organization\"},\"inLanguage\":\"de\"},{\"@type\":\"Organization\",\"@id\":\"https:\/\/www.christeyns.com\/de-de\/#organization\",\"name\":\"Christeyns\",\"url\":\"https:\/\/www.christeyns.com\/de-de\/\",\"logo\":{\"@type\":\"ImageObject\",\"inLanguage\":\"de\",\"@id\":\"https:\/\/www.christeyns.com\/de-de\/#\/schema\/logo\/image\/\",\"url\":\"https:\/\/www.christeyns.com\/wp-content\/uploads\/2021\/06\/logo.png\",\"contentUrl\":\"https:\/\/www.christeyns.com\/wp-content\/uploads\/2021\/06\/logo.png\",\"width\":262,\"height\":40,\"caption\":\"Christeyns\"},\"image\":{\"@id\":\"https:\/\/www.christeyns.com\/de-de\/#\/schema\/logo\/image\/\"},\"sameAs\":[\"https:\/\/www.linkedin.com\/company\/christeyns\",\"https:\/\/www.youtube.com\/c\/christeynshq\"]},{\"@type\":\"Person\",\"@id\":\"https:\/\/www.christeyns.com\/de-de\/#\/schema\/person\/c8e8e6f50c4e8ea1205501a03f4b4363\",\"name\":\"Monica Correia\"}]}<\/script>\n<!-- \/ Yoast SEO plugin. -->","yoast_head_json":{"title":"Abfallreduzierung: ein Aufruf zu einer nachhaltigeren Lebensweise | Christeyns","description":"Waste reduction week aims to mobilise individuals, businesses, and governments to take concrete actions to reduce waste, reuse products, and recycle materials.","robots":{"index":"index","follow":"follow","max-snippet":"max-snippet:-1","max-image-preview":"max-image-preview:large","max-video-preview":"max-video-preview:-1"},"canonical":"https:\/\/www.christeyns.com\/de-de\/waste-reduction-sustainable-way-of-life\/","og_locale":"de_DE","og_type":"article","og_title":"Abfallreduzierung: ein Aufruf zu einer nachhaltigeren Lebensweise | Christeyns","og_description":"Waste reduction week aims to mobilise individuals, businesses, and governments to take concrete actions to reduce waste, reuse products, and recycle materials.","og_url":"https:\/\/www.christeyns.com\/de-de\/waste-reduction-sustainable-way-of-life\/","og_site_name":"Christeyns","article_published_time":"2024-10-29T15:52:44+00:00","article_modified_time":"2025-03-17T11:14:22+00:00","og_image":[{"width":600,"height":450,"url":"https:\/\/www.christeyns.com\/wp-content\/uploads\/2024\/10\/IMG_3326-Red.jpg","type":"image\/jpeg"}],"author":"Monica Correia","twitter_card":"summary_large_image","twitter_misc":{"Verfasst von":"Monica Correia","Gesch\u00e4tzte Lesezeit":"4\u00a0Minuten"},"schema":{"@context":"https:\/\/schema.org","@graph":[{"@type":"Article","@id":"https:\/\/www.christeyns.com\/de-de\/waste-reduction-sustainable-way-of-life\/#article","isPartOf":{"@id":"https:\/\/www.christeyns.com\/de-de\/waste-reduction-sustainable-way-of-life\/"},"author":{"name":"Monica Correia","@id":"https:\/\/www.christeyns.com\/de-de\/#\/schema\/person\/c8e8e6f50c4e8ea1205501a03f4b4363"},"headline":"Abfallreduzierung: ein Aufruf zu einer nachhaltigeren Lebensweise","datePublished":"2024-10-29T15:52:44+00:00","dateModified":"2025-03-17T11:14:22+00:00","mainEntityOfPage":{"@id":"https:\/\/www.christeyns.com\/de-de\/waste-reduction-sustainable-way-of-life\/"},"wordCount":685,"publisher":{"@id":"https:\/\/www.christeyns.com\/de-de\/#organization"},"image":{"@id":"https:\/\/www.christeyns.com\/de-de\/waste-reduction-sustainable-way-of-life\/#primaryimage"},"thumbnailUrl":"https:\/\/www.christeyns.com\/wp-content\/uploads\/2024\/10\/IMG_3326-Red.jpg","keywords":["sustainability","waste reduction"],"articleSection":["Sustainability"],"inLanguage":"de"},{"@type":"WebPage","@id":"https:\/\/www.christeyns.com\/de-de\/waste-reduction-sustainable-way-of-life\/","url":"https:\/\/www.christeyns.com\/de-de\/waste-reduction-sustainable-way-of-life\/","name":"Abfallreduzierung: ein Aufruf zu einer nachhaltigeren Lebensweise | Christeyns","isPartOf":{"@id":"https:\/\/www.christeyns.com\/de-de\/#website"},"primaryImageOfPage":{"@id":"https:\/\/www.christeyns.com\/de-de\/waste-reduction-sustainable-way-of-life\/#primaryimage"},"image":{"@id":"https:\/\/www.christeyns.com\/de-de\/waste-reduction-sustainable-way-of-life\/#primaryimage"},"thumbnailUrl":"https:\/\/www.christeyns.com\/wp-content\/uploads\/2024\/10\/IMG_3326-Red.jpg","datePublished":"2024-10-29T15:52:44+00:00","dateModified":"2025-03-17T11:14:22+00:00","description":"Waste reduction week aims to mobilise individuals, businesses, and governments to take concrete actions to reduce waste, reuse products, and recycle materials.","breadcrumb":{"@id":"https:\/\/www.christeyns.com\/de-de\/waste-reduction-sustainable-way-of-life\/#breadcrumb"},"inLanguage":"de","potentialAction":[{"@type":"ReadAction","target":["https:\/\/www.christeyns.com\/de-de\/waste-reduction-sustainable-way-of-life\/"]}]},{"@type":"ImageObject","inLanguage":"de","@id":"https:\/\/www.christeyns.com\/de-de\/waste-reduction-sustainable-way-of-life\/#primaryimage","url":"https:\/\/www.christeyns.com\/wp-content\/uploads\/2024\/10\/IMG_3326-Red.jpg","contentUrl":"https:\/\/www.christeyns.com\/wp-content\/uploads\/2024\/10\/IMG_3326-Red.jpg","width":600,"height":450,"caption":"waste reduction-cleanning IBC's"},{"@type":"BreadcrumbList","@id":"https:\/\/www.christeyns.com\/de-de\/waste-reduction-sustainable-way-of-life\/#breadcrumb","itemListElement":[{"@type":"ListItem","position":1,"name":"Home","item":"https:\/\/www.christeyns.com\/de-de\/"},{"@type":"ListItem","position":2,"name":"Abfallreduzierung: ein Aufruf zu einer nachhaltigeren Lebensweise"}]},{"@type":"WebSite","@id":"https:\/\/www.christeyns.com\/de-de\/#website","url":"https:\/\/www.christeyns.com\/de-de\/","name":"Christeyns","description":"Christeyns - Striving for a cleaner future","publisher":{"@id":"https:\/\/www.christeyns.com\/de-de\/#organization"},"inLanguage":"de"},{"@type":"Organization","@id":"https:\/\/www.christeyns.com\/de-de\/#organization","name":"Christeyns","url":"https:\/\/www.christeyns.com\/de-de\/","logo":{"@type":"ImageObject","inLanguage":"de","@id":"https:\/\/www.christeyns.com\/de-de\/#\/schema\/logo\/image\/","url":"https:\/\/www.christeyns.com\/wp-content\/uploads\/2021\/06\/logo.png","contentUrl":"https:\/\/www.christeyns.com\/wp-content\/uploads\/2021\/06\/logo.png","width":262,"height":40,"caption":"Christeyns"},"image":{"@id":"https:\/\/www.christeyns.com\/de-de\/#\/schema\/logo\/image\/"},"sameAs":["https:\/\/www.linkedin.com\/company\/christeyns","https:\/\/www.youtube.com\/c\/christeynshq"]},{"@type":"Person","@id":"https:\/\/www.christeyns.com\/de-de\/#\/schema\/person\/c8e8e6f50c4e8ea1205501a03f4b4363","name":"Monica Correia"}]}},"_links":{"self":[{"href":"https:\/\/www.christeyns.com\/de-de\/wp-json\/wp\/v2\/posts\/131027","targetHints":{"allow":["GET"]}}],"collection":[{"href":"https:\/\/www.christeyns.com\/de-de\/wp-json\/wp\/v2\/posts"}],"about":[{"href":"https:\/\/www.christeyns.com\/de-de\/wp-json\/wp\/v2\/types\/post"}],"author":[{"embeddable":true,"href":"https:\/\/www.christeyns.com\/de-de\/wp-json\/wp\/v2\/users\/39"}],"replies":[{"embeddable":true,"href":"https:\/\/www.christeyns.com\/de-de\/wp-json\/wp\/v2\/comments?post=131027"}],"version-history":[{"count":2,"href":"https:\/\/www.christeyns.com\/de-de\/wp-json\/wp\/v2\/posts\/131027\/revisions"}],"predecessor-version":[{"id":131029,"href":"https:\/\/www.christeyns.com\/de-de\/wp-json\/wp\/v2\/posts\/131027\/revisions\/131029"}],"wp:featuredmedia":[{"embeddable":true,"href":"https:\/\/www.christeyns.com\/de-de\/wp-json\/wp\/v2\/media\/124400"}],"wp:attachment":[{"href":"https:\/\/www.christeyns.com\/de-de\/wp-json\/wp\/v2\/media?parent=131027"}],"wp:term":[{"taxonomy":"category","embeddable":true,"href":"https:\/\/www.christeyns.com\/de-de\/wp-json\/wp\/v2\/categories?post=131027"},{"taxonomy":"post_tag","embeddable":true,"href":"https:\/\/www.christeyns.com\/de-de\/wp-json\/wp\/v2\/tags?post=131027"}],"curies":[{"name":"wp","href":"https:\/\/api.w.org\/{rel}","templated":true}]}}